{"id":12769,"date":"2025-05-08T15:04:00","date_gmt":"2025-05-08T18:04:00","guid":{"rendered":"https:\/\/partediario.com.ar\/?p=12769"},"modified":"2025-05-10T09:08:04","modified_gmt":"2025-05-10T12:08:04","slug":"robert-prevost-es-el-nuevo-de-la-iglesia-catolica-y-su-nombre-es-leon-xiv","status":"publish","type":"post","link":"https:\/\/partediario.com.ar\/?p=12769","title":{"rendered":"Robert Prevost es el nuevo de la Iglesia Cat\u00f3lica y su nombre es: Le\u00f3n XIV"},"content":{"rendered":"\n<h2 class=\"wp-block-heading\">Robert Francis Prevost Mart\u00ednez, cardenal estadounidense de 69 a\u00f1os, oriundo de Chicago, fue elegido hoy como el nuevo papa en el c\u00f3nclave celebrado en la Capilla Sixtina, sucediendo a Francisco tras una jornada hist\u00f3rica de deliberaciones.<\/h2>\n\n\n\n<p>El anuncio oficial fue realizado por el cardenal protodi\u00e1cono Dominique Mamberti desde el balc\u00f3n central de la bas\u00edlica de San Pedro, ante una multitud de fieles que colm\u00f3 la plaza del Vaticano. Luego de la fumata blanca y el repique de las campanas, Mamberti pronunci\u00f3 la tradicional f\u00f3rmula en lat\u00edn: \u201cHabemus papam\u201d.<\/p>\n\n\n\n<p>Prevost es el primer papa originario de los Estados Unidos en la historia de la Iglesia. Nacido en Chicago en 1955, fue nombrado cardenal por el propio Francisco en 2023 y se desempe\u00f1aba como prefecto del Dicasterio para los Obispos en el Vaticano. Su elecci\u00f3n representa una se\u00f1al de continuidad con la l\u00ednea reformista del pontificado anterior, aunque con una impronta pastoral enfocada en el continente americano. Es Martinez de ascendencia espa\u00f1ola por la madre. la mam\u00e1, tiene nacionalidad peruana y es Licenciado en Matem\u00e1ticas. Es Agustino.<\/p>\n\n\n\n<p>Durante su primer saludo, Le\u00f3n XIV, dirigi\u00f3 una bendici\u00f3n \u201curbi et orbi\u201d (a la ciudad y al mundo), acompa\u00f1ado de un llamado a la unidad, la paz y la justicia social.<\/p>\n\n\n\n<p>En los pr\u00f3ximos d\u00edas se celebrar\u00e1 la misa de inicio de pontificado, a la que asistir\u00e1n l\u00edderes pol\u00edticos y religiosos de todo el mundo. La comunidad internacional y la Iglesia cat\u00f3lica global aguardan que con el correr de los d\u00edas se conozcan m\u00e1s detalles sobre las prioridades que marcar\u00e1n esta nueva etapa.<\/p>\n","protected":false},"excerpt":{"rendered":"<p>Robert Francis Prevost Mart&iacute;nez, cardenal estadounidense de 69 a&ntilde;os, oriundo de Chicago, fue elegido hoy como el nuevo papa en el c&oacute;nclave celebrado en la Capilla Sixtina, sucediendo a Francisco tras una jornada hist&oacute;rica de deliberaciones. El anuncio oficial fue realizado por el cardenal protodi&aacute;cono Dominique Mamberti desde el balc&oacute;n central de la bas&iacute;lica de [&hellip;]<\/p>\n","protected":false},"author":2,"featured_media":12770,"comment_status":"open","ping_status":"open","sticky":false,"template":"","format":"standard","meta":{"footnotes":""},"categories":[9,726],"tags":[5912,5911,467,5909,3222,5910],"class_list":["post-12769","post","type-post","status-publish","format-standard","has-post-thumbnail","hentry","category-internacionales","category-sociedad","tag-agustino","tag-chicago","tag-estados-unidos","tag-leon-xiv","tag-papa","tag-robert-francis-prevost-martinez"],"_links":{"self":[{"href":"https:\/\/partediario.com.ar\/index.php?rest_route=\/wp\/v2\/posts\/12769","targetHints":{"allow":["GET"]}}],"collection":[{"href":"https:\/\/partediario.com.ar\/index.php?rest_route=\/wp\/v2\/posts"}],"about":[{"href":"https:\/\/partediario.com.ar\/index.php?rest_route=\/wp\/v2\/types\/post"}],"author":[{"embeddable":true,"href":"https:\/\/partediario.com.ar\/index.php?rest_route=\/wp\/v2\/users\/2"}],"replies":[{"embeddable":true,"href":"https:\/\/partediario.com.ar\/index.php?rest_route=%2Fwp%2Fv2%2Fcomments&post=12769"}],"version-history":[{"count":1,"href":"https:\/\/partediario.com.ar\/index.php?rest_route=\/wp\/v2\/posts\/12769\/revisions"}],"predecessor-version":[{"id":12771,"href":"https:\/\/partediario.com.ar\/index.php?rest_route=\/wp\/v2\/posts\/12769\/revisions\/12771"}],"wp:featuredmedia":[{"embeddable":true,"href":"https:\/\/partediario.com.ar\/index.php?rest_route=\/wp\/v2\/media\/12770"}],"wp:attachment":[{"href":"https:\/\/partediario.com.ar\/index.php?rest_route=%2Fwp%2Fv2%2Fmedia&parent=12769"}],"wp:term":[{"taxonomy":"category","embeddable":true,"href":"https:\/\/partediario.com.ar\/index.php?rest_route=%2Fwp%2Fv2%2Fcategories&post=12769"},{"taxonomy":"post_tag","embeddable":true,"href":"https:\/\/partediario.com.ar\/index.php?rest_route=%2Fwp%2Fv2%2Ftags&post=12769"}],"curies":[{"name":"wp","href":"https:\/\/api.w.org\/{rel}","templated":true}]}}