{"id":12772,"date":"2025-05-08T18:34:21","date_gmt":"2025-05-08T21:34:21","guid":{"rendered":"https:\/\/partediario.com.ar\/?p=12772"},"modified":"2025-05-10T09:07:59","modified_gmt":"2025-05-10T12:07:59","slug":"donald-trump-celebro-el-nombramiento-del-cardenal-estadounidense-prevost-como-el-nuevo-papa-leon-xiv","status":"publish","type":"post","link":"https:\/\/partediario.com.ar\/?p=12772","title":{"rendered":"Donald Trump celebr\u00f3 el nombramiento del cardenal estadounidense Prevost como el nuevo papa Le\u00f3n XIV"},"content":{"rendered":"\n<h2 class=\"wp-block-heading\">El presidente de Estados Unidos, Donald Trump, felicit\u00f3 hoy al cardenal Robert Prevost por su elecci\u00f3n como nuevo Papa y expres\u00f3 que sent\u00eda una \u00abemoci\u00f3n\u00bb y un \u00abgran honor\u00bb, que hizo extensivo a todo el pa\u00eds, al convertirse en el primer estadounidense en ocupar el m\u00e1ximo cargo de la Iglesia Cat\u00f3lica.<\/h2>\n\n\n\n<p>\u201cEs un honor que sea el primer papa estadounidense\u201d, se\u00f1al\u00f3 Trump en su cuenta de Truth Social, y adelant\u00f3: \u201cEspero poder encontrarme con Su Santidad. \u00a1Ser\u00e1 un momento muy significativo!\u201d<\/p>\n\n\n\n<p><\/p>\n\n\n\n<figure class=\"wp-block-image size-full\"><img loading=\"lazy\" decoding=\"async\" width=\"698\" height=\"371\" src=\"https:\/\/partediario.com.ar\/wp-content\/uploads\/Donald-Trump-Papa-Leon-XIV.png\" alt=\"\" class=\"wp-image-12773\" srcset=\"https:\/\/partediario.com.ar\/wp-content\/uploads\/Donald-Trump-Papa-Leon-XIV.png 698w, https:\/\/partediario.com.ar\/wp-content\/uploads\/Donald-Trump-Papa-Leon-XIV-300x159.png 300w\" sizes=\"auto, (max-width: 698px) 100vw, 698px\" \/><\/figure>\n\n\n\n<p><\/p>\n\n\n\n<p>Prevost fue elegido este jueves como el 267\u00b0 pont\u00edfice luego de dos d\u00edas de deliberaciones en el c\u00f3nclave en la Capilla Sixtina. La fumata blanca y las campanadas de la Bas\u00edlica de San Pedro confirmaron su elecci\u00f3n ante m\u00e1s de 46 mil fieles reunidos en la plaza.<\/p>\n\n\n\n<p>Se trata adem\u00e1s del primer Papa agustino en la historia moderna y de un religioso con ra\u00edces hispanas y trayectoria misionera en Per\u00fa.<\/p>\n","protected":false},"excerpt":{"rendered":"<p>El presidente de Estados Unidos, Donald Trump, felicit&oacute; hoy al cardenal Robert Prevost por su elecci&oacute;n como nuevo Papa y expres&oacute; que sent&iacute;a una &laquo;emoci&oacute;n&raquo; y un &laquo;gran honor&raquo;, que hizo extensivo a todo el pa&iacute;s, al convertirse en el primer estadounidense en ocupar el m&aacute;ximo cargo de la Iglesia Cat&oacute;lica. &ldquo;Es un honor que [&hellip;]<\/p>\n","protected":false},"author":2,"featured_media":12774,"comment_status":"open","ping_status":"open","sticky":false,"template":"","format":"standard","meta":{"footnotes":""},"categories":[9,726],"tags":[2676,857,5913,5914,5915],"class_list":["post-12772","post","type-post","status-publish","format-standard","has-post-thumbnail","hentry","category-internacionales","category-sociedad","tag-celebracion","tag-donald-trump","tag-nombramiento","tag-papa-leon-xiv","tag-robert-prevost-martinez"],"_links":{"self":[{"href":"https:\/\/partediario.com.ar\/index.php?rest_route=\/wp\/v2\/posts\/12772","targetHints":{"allow":["GET"]}}],"collection":[{"href":"https:\/\/partediario.com.ar\/index.php?rest_route=\/wp\/v2\/posts"}],"about":[{"href":"https:\/\/partediario.com.ar\/index.php?rest_route=\/wp\/v2\/types\/post"}],"author":[{"embeddable":true,"href":"https:\/\/partediario.com.ar\/index.php?rest_route=\/wp\/v2\/users\/2"}],"replies":[{"embeddable":true,"href":"https:\/\/partediario.com.ar\/index.php?rest_route=%2Fwp%2Fv2%2Fcomments&post=12772"}],"version-history":[{"count":1,"href":"https:\/\/partediario.com.ar\/index.php?rest_route=\/wp\/v2\/posts\/12772\/revisions"}],"predecessor-version":[{"id":12775,"href":"https:\/\/partediario.com.ar\/index.php?rest_route=\/wp\/v2\/posts\/12772\/revisions\/12775"}],"wp:featuredmedia":[{"embeddable":true,"href":"https:\/\/partediario.com.ar\/index.php?rest_route=\/wp\/v2\/media\/12774"}],"wp:attachment":[{"href":"https:\/\/partediario.com.ar\/index.php?rest_route=%2Fwp%2Fv2%2Fmedia&parent=12772"}],"wp:term":[{"taxonomy":"category","embeddable":true,"href":"https:\/\/partediario.com.ar\/index.php?rest_route=%2Fwp%2Fv2%2Fcategories&post=12772"},{"taxonomy":"post_tag","embeddable":true,"href":"https:\/\/partediario.com.ar\/index.php?rest_route=%2Fwp%2Fv2%2Ftags&post=12772"}],"curies":[{"name":"wp","href":"https:\/\/api.w.org\/{rel}","templated":true}]}}