{"id":12779,"date":"2025-05-08T19:00:15","date_gmt":"2025-05-08T22:00:15","guid":{"rendered":"https:\/\/partediario.com.ar\/?p=12779"},"modified":"2025-05-10T09:07:51","modified_gmt":"2025-05-10T12:07:51","slug":"criticas-a-la-derecha-apoyo-a-refugiados-y-justicia-por-george-floyd-alguno-de-los-posteos-del-papa-leon-xiv-en-las-redes","status":"publish","type":"post","link":"https:\/\/partediario.com.ar\/?p=12779","title":{"rendered":"\u00abCr\u00edticas a la derecha, apoyo a refugiados y justicia por George Floyd\u00bb: alguno de los posteos del Papa Le\u00f3n XIV en las redes"},"content":{"rendered":"\n<h2 class=\"wp-block-heading\">Robert Francis Prevost Mart\u00ednez, el flamante papa Le\u00f3n XIV, de escasa en las redes sociales, no obstante en algunas oportunidades critic\u00f3 al presidente de los Estados Unidos, Donald Trump, solicit\u00f3 justicia por George Floyd y reclam\u00f3 ayuda para los refugiados.<\/h2>\n\n\n\n<p>En su cuenta @drprevost de la red social X, el Sumo Pont\u00edfice se define como \u00abcat\u00f3lico, agustino y obispo\u00bb y tiene una foto con el papa Francisco, quien muri\u00f3 a los 88 a\u00f1os el 21 de abril.<\/p>\n\n\n\n<p>Robert Francis Prevost Mart\u00ednez quien se uni\u00f3 a esa plataforma en enero de 2011, se mostr\u00f3 comprometido con distintas causas sociales como los refugiados.<\/p>\n\n\n\n<p>En ese sentido, Le\u00f3n XIV retuite\u00f3 un posteo del obispo Bishop Burdige en el que cuestionaba al gobierno republicano por la problem\u00e1tica de los sirios que hu\u00edan de la guerra.<\/p>\n\n\n\n<p>\u00ab\u00bfEstamos prohibiendo la entrada a todos los refugiados sirios? \u00bfLos hombres, mujeres y ni\u00f1os que m\u00e1s necesitan ayuda? \u00a1En qu\u00e9 naci\u00f3n tan inmoral nos estamos convirtiendo! Jes\u00fas llora\u00bb, se\u00f1ala la publicaci\u00f3n.<\/p>\n\n\n\n<p>Por su parte, Prevost cit\u00f3 nuevamente al Burdige con respecto a George Floyd, el hombre de 49 a\u00f1os que fue asesinado por polic\u00edas en Minneapolis.<\/p>\n\n\n\n<p>El tuit del 30 de mayo de 2020 resalta: \u00abSeguimos orando por el Sr. George Floyd y su familia. En su honor, y mientras nos preparamos para Pentecost\u00e9s, pedimos al Esp\u00edritu Santo que nos una y sane nuestras heridas. Que todo odio, violencia y prejuicio sean \u00bferradicados para que podamos vivir en armon\u00eda y en la paz de Nuestro Se\u00f1or Jes\u00fas\u00bb.<\/p>\n\n\n\n<p><\/p>\n\n\n\n<blockquote class=\"twitter-tweet\"><p lang=\"en\" dir=\"ltr\">As Trump &amp; Bukele use Oval to \ud83e\udd23 Feds\u2019 illicit deportation of a US resident (<a href=\"https:\/\/t.co\/t80iDMbBKf\">https:\/\/t.co\/t80iDMbBKf<\/a>), once an undoc-ed Salvadorean himself, now-DC Aux +Evelio asks, \u201cDo you not see the suffering? Is your conscience not disturbed? How can you stay quiet?\u201d <a href=\"https:\/\/t.co\/jTradMfr0v\">https:\/\/t.co\/jTradMfr0v<\/a><\/p>&mdash; Rocco Palmo (@roccopalmo) <a href=\"https:\/\/twitter.com\/roccopalmo\/status\/1911914220850946211?ref_src=twsrc%5Etfw\">April 14, 2025<\/a><\/blockquote> <script async src=\"https:\/\/platform.twitter.com\/widgets.js\" charset=\"utf-8\"><\/script>\n\n\n\n<p><\/p>\n\n\n\n<p>Tambi\u00e9n critic\u00f3 al presidente de El Salvador, Nayib Bukele, y al mandatario Donald Trump por la expulsi\u00f3n de un norteamericano: \u00abTrump y Bukele utilizan a Oval para la deportaci\u00f3n il\u00edcita de un residente estadounidense por parte de los federales, quien alguna vez fue un salvadore\u00f1o indocumentado, el ahora DC Aux +Evelio pregunta: \u00ab\u00bfNo ves el sufrimiento? \u00bfNo est\u00e1 tu conciencia perturbada? \u00bfC\u00f3mo puedes quedarte callado?\u00bb.<\/p>\n\n\n\n<p>Prevost, que fue ordenado cardenal por Francisco en septiembre de 2023, recrimin\u00f3 al vicepresidente estadounidense James Vance por se\u00f1alar que \u00abDios nos pide que clasifiquemos nuestro amor por los dem\u00e1s\u00bb.<\/p>\n","protected":false},"excerpt":{"rendered":"<p>Robert Francis Prevost Mart&iacute;nez, el flamante papa Le&oacute;n XIV, de escasa en las redes sociales, no obstante en algunas oportunidades critic&oacute; al presidente de los Estados Unidos, Donald Trump, solicit&oacute; justicia por George Floyd y reclam&oacute; ayuda para los refugiados. En su cuenta @drprevost de la red social X, el Sumo Pont&iacute;fice se define como [&hellip;]<\/p>\n","protected":false},"author":2,"featured_media":12770,"comment_status":"open","ping_status":"open","sticky":false,"template":"","format":"standard","meta":{"footnotes":""},"categories":[9,726],"tags":[3093,5910,2347],"class_list":["post-12779","post","type-post","status-publish","format-standard","has-post-thumbnail","hentry","category-internacionales","category-sociedad","tag-redes","tag-robert-francis-prevost-martinez","tag-sociales"],"_links":{"self":[{"href":"https:\/\/partediario.com.ar\/index.php?rest_route=\/wp\/v2\/posts\/12779","targetHints":{"allow":["GET"]}}],"collection":[{"href":"https:\/\/partediario.com.ar\/index.php?rest_route=\/wp\/v2\/posts"}],"about":[{"href":"https:\/\/partediario.com.ar\/index.php?rest_route=\/wp\/v2\/types\/post"}],"author":[{"embeddable":true,"href":"https:\/\/partediario.com.ar\/index.php?rest_route=\/wp\/v2\/users\/2"}],"replies":[{"embeddable":true,"href":"https:\/\/partediario.com.ar\/index.php?rest_route=%2Fwp%2Fv2%2Fcomments&post=12779"}],"version-history":[{"count":1,"href":"https:\/\/partediario.com.ar\/index.php?rest_route=\/wp\/v2\/posts\/12779\/revisions"}],"predecessor-version":[{"id":12780,"href":"https:\/\/partediario.com.ar\/index.php?rest_route=\/wp\/v2\/posts\/12779\/revisions\/12780"}],"wp:featuredmedia":[{"embeddable":true,"href":"https:\/\/partediario.com.ar\/index.php?rest_route=\/wp\/v2\/media\/12770"}],"wp:attachment":[{"href":"https:\/\/partediario.com.ar\/index.php?rest_route=%2Fwp%2Fv2%2Fmedia&parent=12779"}],"wp:term":[{"taxonomy":"category","embeddable":true,"href":"https:\/\/partediario.com.ar\/index.php?rest_route=%2Fwp%2Fv2%2Fcategories&post=12779"},{"taxonomy":"post_tag","embeddable":true,"href":"https:\/\/partediario.com.ar\/index.php?rest_route=%2Fwp%2Fv2%2Ftags&post=12779"}],"curies":[{"name":"wp","href":"https:\/\/api.w.org\/{rel}","templated":true}]}}