{"id":12781,"date":"2025-05-08T19:08:58","date_gmt":"2025-05-08T22:08:58","guid":{"rendered":"https:\/\/partediario.com.ar\/?p=12781"},"modified":"2025-05-10T09:07:47","modified_gmt":"2025-05-10T12:07:47","slug":"trabajadores-judiciales-pararon-hoy-y-manana-viernes-en-reclamo-por-mejoras-salariales","status":"publish","type":"post","link":"https:\/\/partediario.com.ar\/?p=12781","title":{"rendered":"Trabajadores judiciales pararon hoy y ma\u00f1ana viernes en reclamo por mejoras salariales"},"content":{"rendered":"\n<h2 class=\"wp-block-heading\">La Uni\u00f3n de Empleados de la Justicia de la Naci\u00f3n (UEJN), inici\u00f3 la primera de dos jornadas de protesta en demanda de mejoras salariales con un banderazo en Tribunales. La medida concluir\u00e1 el viernes con un paro de 24 horas, seg\u00fan destac\u00f3 el gremio en un comunicado.<\/h2>\n\n\n\n<p>\u201cEl 31,26 por ciento es la perdida salarial que acumulamos hasta el momento, por eso continuamos la lucha. La dignidad de los judiciales no se rifa. La Justicia se defiende\u201d, asegur\u00f3 el sindicato que encabeza Julio Piumato en sus redes sociales.<\/p>\n\n\n\n<p>La protesta, se lleva a cabo adem\u00e1s en contra del \u201cproyecto unitario\u201d de traspaso de la justicia a la Ciudad de Buenos Aires, como as\u00ed tambi\u00e9n, para denunciar la \u201cimprovisaci\u00f3n\u201d con la que se lleva a cabo la implementaci\u00f3n del nuevo C\u00f3digo Procesal Penal Federal.<\/p>\n\n\n\n<p>Piumato manifest\u00f3 en declaraciones period\u00edsticas que a los judiciales \u201cnos deben la recomposici\u00f3n desde marzo y llevamos perdido un 31,26% de nuestros salarios y siguen limando nuestro salario en fetas\u201d, ironiz\u00f3.<\/p>\n\n\n\n<p>\u201cNuevamente una semana de lucha. Un banderazo en todo el pa\u00eds. Mostrando la constancia, la rebeld\u00eda que tenemos, la convicci\u00f3n y la dignidad como judiciales, para no aceptar estas migajas que nos est\u00e1n dando\u201d, finaliz\u00f3 el secretario General.<\/p>\n","protected":false},"excerpt":{"rendered":"<p>La Uni&oacute;n de Empleados de la Justicia de la Naci&oacute;n (UEJN), inici&oacute; la primera de dos jornadas de protesta en demanda de mejoras salariales con un banderazo en Tribunales. La medida concluir&aacute; el viernes con un paro de 24 horas, seg&uacute;n destac&oacute; el gremio en un comunicado. &ldquo;El 31,26 por ciento es la perdida salarial [&hellip;]<\/p>\n","protected":false},"author":2,"featured_media":12782,"comment_status":"open","ping_status":"open","sticky":false,"template":"","format":"standard","meta":{"footnotes":""},"categories":[978,5,176],"tags":[1069,5922,691,382,1976,5921],"class_list":["post-12781","post","type-post","status-publish","format-standard","has-post-thumbnail","hentry","category-gremiales","category-nacionales","category-politica","tag-judiciales","tag-julio-piumato","tag-paro","tag-reclamo","tag-salarial","tag-uejn"],"_links":{"self":[{"href":"https:\/\/partediario.com.ar\/index.php?rest_route=\/wp\/v2\/posts\/12781","targetHints":{"allow":["GET"]}}],"collection":[{"href":"https:\/\/partediario.com.ar\/index.php?rest_route=\/wp\/v2\/posts"}],"about":[{"href":"https:\/\/partediario.com.ar\/index.php?rest_route=\/wp\/v2\/types\/post"}],"author":[{"embeddable":true,"href":"https:\/\/partediario.com.ar\/index.php?rest_route=\/wp\/v2\/users\/2"}],"replies":[{"embeddable":true,"href":"https:\/\/partediario.com.ar\/index.php?rest_route=%2Fwp%2Fv2%2Fcomments&post=12781"}],"version-history":[{"count":1,"href":"https:\/\/partediario.com.ar\/index.php?rest_route=\/wp\/v2\/posts\/12781\/revisions"}],"predecessor-version":[{"id":12783,"href":"https:\/\/partediario.com.ar\/index.php?rest_route=\/wp\/v2\/posts\/12781\/revisions\/12783"}],"wp:featuredmedia":[{"embeddable":true,"href":"https:\/\/partediario.com.ar\/index.php?rest_route=\/wp\/v2\/media\/12782"}],"wp:attachment":[{"href":"https:\/\/partediario.com.ar\/index.php?rest_route=%2Fwp%2Fv2%2Fmedia&parent=12781"}],"wp:term":[{"taxonomy":"category","embeddable":true,"href":"https:\/\/partediario.com.ar\/index.php?rest_route=%2Fwp%2Fv2%2Fcategories&post=12781"},{"taxonomy":"post_tag","embeddable":true,"href":"https:\/\/partediario.com.ar\/index.php?rest_route=%2Fwp%2Fv2%2Ftags&post=12781"}],"curies":[{"name":"wp","href":"https:\/\/api.w.org\/{rel}","templated":true}]}}