{"id":12795,"date":"2025-05-10T08:38:13","date_gmt":"2025-05-10T11:38:13","guid":{"rendered":"https:\/\/partediario.com.ar\/?p=12795"},"modified":"2025-05-12T20:52:46","modified_gmt":"2025-05-12T23:52:46","slug":"el-gobierno-no-mando-a-voltear-ficha-limpia-y-javier-milei-no-hablo-con-rovira-senalo-francos","status":"publish","type":"post","link":"https:\/\/partediario.com.ar\/?p=12795","title":{"rendered":"\u00abEl Gobierno no mand\u00f3 a voltear Ficha Limpia y Javier Milei no habl\u00f3 con Rovira\u00bb, se\u00f1al\u00f3 Francos"},"content":{"rendered":"\n<h2 class=\"wp-block-heading\">El jefe de Gabinete, Guillermo Francos, aport\u00f3 sus comentarios hoy al rechazo del Gobierno a las versiones que indicaban un supuesto acuerdo entre el presidente Javier Milei y el exgobernador de Misiones Carlos Rovira para frustrar la aprobaci\u00f3n del proyecto de Ficha Limpia en el Senado.<\/h2>\n\n\n\n<p>\u201cSalen noticias que son rid\u00edculas. Como la \u00faltima que he le\u00eddo a la ma\u00f1ana, que es una operaci\u00f3n clara. Que es que el Presidente le habr\u00eda pedido a Rovira que no voten la ley. Absoluta mentira\u201d, expres\u00f3 el ministro coordinador en declaraciones radiales.<\/p>\n\n\n\n<p>El funcionario fue m\u00e1s all\u00e1 y agreg\u00f3: \u201cEl Presidente no tiene contacto con Rovira. Ni siquiera tiene el tel\u00e9fono. Se lo pregunt\u00e9 y me dijo: \u2018No habl\u00e9 nunca con Rovira. No tengo el tel\u00e9fono siquiera\u2019. Con lo cual, eso es una falsedad total\u201d.<\/p>\n\n\n\n<p>Asimismo, Francos hizo referencia a las notas period\u00edsticas que informaron sobre un supuesto contacto de Milei con Rovira en el que el Presidente le habr\u00eda pedido al dirigente misionero que los senadores de esa provincia rechazaran el proyecto.<\/p>\n\n\n\n<p>\u00abLo que dicen los medios que lo publicaron es que Rovira le habr\u00eda dicho a un grupo de sus seguidores pol\u00edticos que se lo pidi\u00f3 Milei. Pero no sale Rovira diciendo eso. Clasifiquemos las cosas, porque ac\u00e1 hay muchas operaciones. No nos olvidemos que este a\u00f1o hay elecciones en Misiones\u00bb, destac\u00f3 Francos.<\/p>\n\n\n\n<p>Y acot\u00f3: \u00abLo que me dec\u00eda el Presidente a m\u00ed es \u00b4Si yo presento un proyecto y conseguimos que se apruebe en Diputados. \u00bfDe qu\u00e9 me disfrazo para pedir que no se apruebe en el Senado?\u00b4. No tiene ninguna l\u00f3gica\u00bb, indic\u00f3 el jefe de Gabinete, quien neg\u00f3 \u00ababsolutamente\u00bb un contacto del jefe de Estado con el gobernador de Misiones.<\/p>\n\n\n\n<p>Al ser consultado acerca de si alg\u00fan otro funcionario del Gobierno pudo haber tenido contacto con Rovira, Francos precis\u00f3: \u00abNing\u00fan funcionario del gobierno de Milei podr\u00eda estar haciendo una cosa distinta a la que el Presidente dice\u00bb.<\/p>\n\n\n\n<p>Sobre el cambio de postura de los senadores misioneros Sonia Rojas Decut y Mario Arce, quienes cambiaron su voto, el funcionario del Gobierno libertario destac\u00f3 que esa postura se debi\u00f3 a una \u00abinstrucci\u00f3n de la provincia\u00bb.<\/p>\n\n\n\n<p>\u00abLos que tienen que dar explicaciones son ellos, no nosotros. Traicionaron lo que hab\u00edan sostenido\u00bb, finaliz\u00f3.<\/p>\n\n\n\n<p>Los comentarios se dieron en medio de las acusaciones cruzadas entre el oficialismo y el PRO tras la ca\u00edda del proyecto de Ficha Limpia, que fue rechazado por un voto en el Senado y no podr\u00e1 ser tratado nuevamente hasta el a\u00f1o pr\u00f3ximo.<\/p>\n","protected":false},"excerpt":{"rendered":"<p>El jefe de Gabinete, Guillermo Francos, aport&oacute; sus comentarios hoy al rechazo del Gobierno a las versiones que indicaban un supuesto acuerdo entre el presidente Javier Milei y el exgobernador de Misiones Carlos Rovira para frustrar la aprobaci&oacute;n del proyecto de Ficha Limpia en el Senado. &ldquo;Salen noticias que son rid&iacute;culas. Como la &uacute;ltima que [&hellip;]<\/p>\n","protected":false},"author":2,"featured_media":12796,"comment_status":"open","ping_status":"open","sticky":false,"template":"","format":"standard","meta":{"footnotes":""},"categories":[5,176],"tags":[5929,4432,329,232],"class_list":["post-12795","post","type-post","status-publish","format-standard","has-post-thumbnail","hentry","category-nacionales","category-politica","tag-carlos-rovira","tag-ficha-limpia","tag-guillermo-francos","tag-javier-milei"],"_links":{"self":[{"href":"https:\/\/partediario.com.ar\/index.php?rest_route=\/wp\/v2\/posts\/12795","targetHints":{"allow":["GET"]}}],"collection":[{"href":"https:\/\/partediario.com.ar\/index.php?rest_route=\/wp\/v2\/posts"}],"about":[{"href":"https:\/\/partediario.com.ar\/index.php?rest_route=\/wp\/v2\/types\/post"}],"author":[{"embeddable":true,"href":"https:\/\/partediario.com.ar\/index.php?rest_route=\/wp\/v2\/users\/2"}],"replies":[{"embeddable":true,"href":"https:\/\/partediario.com.ar\/index.php?rest_route=%2Fwp%2Fv2%2Fcomments&post=12795"}],"version-history":[{"count":1,"href":"https:\/\/partediario.com.ar\/index.php?rest_route=\/wp\/v2\/posts\/12795\/revisions"}],"predecessor-version":[{"id":12797,"href":"https:\/\/partediario.com.ar\/index.php?rest_route=\/wp\/v2\/posts\/12795\/revisions\/12797"}],"wp:featuredmedia":[{"embeddable":true,"href":"https:\/\/partediario.com.ar\/index.php?rest_route=\/wp\/v2\/media\/12796"}],"wp:attachment":[{"href":"https:\/\/partediario.com.ar\/index.php?rest_route=%2Fwp%2Fv2%2Fmedia&parent=12795"}],"wp:term":[{"taxonomy":"category","embeddable":true,"href":"https:\/\/partediario.com.ar\/index.php?rest_route=%2Fwp%2Fv2%2Fcategories&post=12795"},{"taxonomy":"post_tag","embeddable":true,"href":"https:\/\/partediario.com.ar\/index.php?rest_route=%2Fwp%2Fv2%2Ftags&post=12795"}],"curies":[{"name":"wp","href":"https:\/\/api.w.org\/{rel}","templated":true}]}}