{"id":12798,"date":"2025-05-10T08:42:09","date_gmt":"2025-05-10T11:42:09","guid":{"rendered":"https:\/\/partediario.com.ar\/?p=12798"},"modified":"2025-05-11T19:38:02","modified_gmt":"2025-05-11T22:38:02","slug":"el-presidente-javier-milei-denuncio-a-tres-periodistas-por-injurias","status":"publish","type":"post","link":"https:\/\/partediario.com.ar\/?p=12798","title":{"rendered":"El presidente Javier Milei denunci\u00f3 a tres periodistas por injurias"},"content":{"rendered":"\n<h2 class=\"wp-block-heading\">El presidente Javier Milei denunci\u00f3 a un periodista por presuntas \u00abcalumnias o falsa imputaci\u00f3n\u00bb e \u00abinjurias\u00bb en los tribunales de Retiro y la investigaci\u00f3n qued\u00f3 a cargo por sorteo del juez federal Daniel Rafecas.<\/h2>\n\n\n\n<p>El mandatario nacional denunci\u00f3 a Carlos Pagni y adem\u00e1s lo hab\u00eda hecho con Viviana Canosa y Ari Lijalad por los mismos delitos.<\/p>\n\n\n\n<p>Noticia en desarrollo\u2026<\/p>\n","protected":false},"excerpt":{"rendered":"<p>El presidente Javier Milei denunci&oacute; a un periodista por presuntas &laquo;calumnias o falsa imputaci&oacute;n&raquo; e &laquo;injurias&raquo; en los tribunales de Retiro y la investigaci&oacute;n qued&oacute; a cargo por sorteo del juez federal Daniel Rafecas. El mandatario nacional denunci&oacute; a Carlos Pagni y adem&aacute;s lo hab&iacute;a hecho con Viviana Canosa y Ari Lijalad por los mismos [&hellip;]<\/p>\n","protected":false},"author":2,"featured_media":10625,"comment_status":"open","ping_status":"open","sticky":false,"template":"","format":"standard","meta":{"footnotes":""},"categories":[5,176],"tags":[5932,5604,812,5930,232,3395,5931],"class_list":["post-12798","post","type-post","status-publish","format-standard","has-post-thumbnail","hentry","category-nacionales","category-politica","tag-ari-lijalad","tag-carlos-pagni","tag-denuncia","tag-injurias","tag-javier-milei","tag-periodistas","tag-viviana-canosa"],"_links":{"self":[{"href":"https:\/\/partediario.com.ar\/index.php?rest_route=\/wp\/v2\/posts\/12798","targetHints":{"allow":["GET"]}}],"collection":[{"href":"https:\/\/partediario.com.ar\/index.php?rest_route=\/wp\/v2\/posts"}],"about":[{"href":"https:\/\/partediario.com.ar\/index.php?rest_route=\/wp\/v2\/types\/post"}],"author":[{"embeddable":true,"href":"https:\/\/partediario.com.ar\/index.php?rest_route=\/wp\/v2\/users\/2"}],"replies":[{"embeddable":true,"href":"https:\/\/partediario.com.ar\/index.php?rest_route=%2Fwp%2Fv2%2Fcomments&post=12798"}],"version-history":[{"count":1,"href":"https:\/\/partediario.com.ar\/index.php?rest_route=\/wp\/v2\/posts\/12798\/revisions"}],"predecessor-version":[{"id":12799,"href":"https:\/\/partediario.com.ar\/index.php?rest_route=\/wp\/v2\/posts\/12798\/revisions\/12799"}],"wp:featuredmedia":[{"embeddable":true,"href":"https:\/\/partediario.com.ar\/index.php?rest_route=\/wp\/v2\/media\/10625"}],"wp:attachment":[{"href":"https:\/\/partediario.com.ar\/index.php?rest_route=%2Fwp%2Fv2%2Fmedia&parent=12798"}],"wp:term":[{"taxonomy":"category","embeddable":true,"href":"https:\/\/partediario.com.ar\/index.php?rest_route=%2Fwp%2Fv2%2Fcategories&post=12798"},{"taxonomy":"post_tag","embeddable":true,"href":"https:\/\/partediario.com.ar\/index.php?rest_route=%2Fwp%2Fv2%2Ftags&post=12798"}],"curies":[{"name":"wp","href":"https:\/\/api.w.org\/{rel}","templated":true}]}}