{"id":12800,"date":"2025-05-10T08:47:51","date_gmt":"2025-05-10T11:47:51","guid":{"rendered":"https:\/\/partediario.com.ar\/?p=12800"},"modified":"2025-05-11T19:37:58","modified_gmt":"2025-05-11T22:37:58","slug":"el-frente-jujuy-crece-denuncio-incumplimiento-de-la-veda-por-parte-de-la-libertad-avanza","status":"publish","type":"post","link":"https:\/\/partediario.com.ar\/?p=12800","title":{"rendered":"El Frente \u00abJujuy Crece\u00bb denunci\u00f3 incumplimiento de la veda por parte de La Libertad Avanza"},"content":{"rendered":"\n<h2 class=\"wp-block-heading\">El Frente Jujuy Crece, integrado por la UCR provincial y otras fuerzas locales, denunci\u00f3 el viernes que La Libertad Avanza viol\u00f3 la veda electoral de cara a las elecciones legislativas provinciales del pr\u00f3ximo domingo en Jujuy.<\/h2>\n\n\n\n<p>Seg\u00fan se supo, los apoderados del frente recibieron varios reportes de llamadas telef\u00f3nicas automatizadas en distintos puntos de la provincia, en las que se ped\u00eda expl\u00edcitamente el voto para el n\u00famero de lista 135, que representa a los candidatos de La Libertad Avanza en la provincia.<\/p>\n\n\n\n<p>El Dr. Facundo Luna, apoderado del frente, se\u00f1al\u00f3 que los mensajes incluyeron menciones al presidente Javier Milei y agravios contra fuerzas pol\u00edticas juje\u00f1as. \u201cSe trata de una falta grave. Iniciaremos las acciones judiciales correspondientes para que se investigue y se sancione el delito\u201d, manifest\u00f3.<\/p>\n\n\n\n<p>El presidente del Comit\u00e9 Provincia de la UCR Jujuy, Jorge Rizzotti, se pronunci\u00f3 sobre el caso: \u201cEste tipo de pr\u00e1cticas est\u00e1n lejos del comportamiento democr\u00e1tico que logramos recuperar en 2015 en Jujuy. Son acciones de irresponsabilidad pol\u00edtica y de violencia que cre\u00edamos haber dejado atr\u00e1s\u201d, destac\u00f3.<\/p>\n","protected":false},"excerpt":{"rendered":"<p>El Frente Jujuy Crece, integrado por la UCR provincial y otras fuerzas locales, denunci&oacute; el viernes que La Libertad Avanza viol&oacute; la veda electoral de cara a las elecciones legislativas provinciales del pr&oacute;ximo domingo en Jujuy. Seg&uacute;n se supo, los apoderados del frente recibieron varios reportes de llamadas telef&oacute;nicas automatizadas en distintos puntos de la [&hellip;]<\/p>\n","protected":false},"author":2,"featured_media":12801,"comment_status":"open","ping_status":"open","sticky":false,"template":"","format":"standard","meta":{"footnotes":""},"categories":[5,176],"tags":[812,662,5933,266],"class_list":["post-12800","post","type-post","status-publish","format-standard","has-post-thumbnail","hentry","category-nacionales","category-politica","tag-denuncia","tag-frente","tag-jujuy-crece","tag-libertad-avanza"],"_links":{"self":[{"href":"https:\/\/partediario.com.ar\/index.php?rest_route=\/wp\/v2\/posts\/12800","targetHints":{"allow":["GET"]}}],"collection":[{"href":"https:\/\/partediario.com.ar\/index.php?rest_route=\/wp\/v2\/posts"}],"about":[{"href":"https:\/\/partediario.com.ar\/index.php?rest_route=\/wp\/v2\/types\/post"}],"author":[{"embeddable":true,"href":"https:\/\/partediario.com.ar\/index.php?rest_route=\/wp\/v2\/users\/2"}],"replies":[{"embeddable":true,"href":"https:\/\/partediario.com.ar\/index.php?rest_route=%2Fwp%2Fv2%2Fcomments&post=12800"}],"version-history":[{"count":1,"href":"https:\/\/partediario.com.ar\/index.php?rest_route=\/wp\/v2\/posts\/12800\/revisions"}],"predecessor-version":[{"id":12802,"href":"https:\/\/partediario.com.ar\/index.php?rest_route=\/wp\/v2\/posts\/12800\/revisions\/12802"}],"wp:featuredmedia":[{"embeddable":true,"href":"https:\/\/partediario.com.ar\/index.php?rest_route=\/wp\/v2\/media\/12801"}],"wp:attachment":[{"href":"https:\/\/partediario.com.ar\/index.php?rest_route=%2Fwp%2Fv2%2Fmedia&parent=12800"}],"wp:term":[{"taxonomy":"category","embeddable":true,"href":"https:\/\/partediario.com.ar\/index.php?rest_route=%2Fwp%2Fv2%2Fcategories&post=12800"},{"taxonomy":"post_tag","embeddable":true,"href":"https:\/\/partediario.com.ar\/index.php?rest_route=%2Fwp%2Fv2%2Ftags&post=12800"}],"curies":[{"name":"wp","href":"https:\/\/api.w.org\/{rel}","templated":true}]}}