{"id":12803,"date":"2025-05-10T08:53:07","date_gmt":"2025-05-10T11:53:07","guid":{"rendered":"https:\/\/partediario.com.ar\/?p=12803"},"modified":"2025-05-11T19:37:54","modified_gmt":"2025-05-11T22:37:54","slug":"carlos-kikuchi-suma-su-armado-bonaerense-en-busca-del-voto-de-los-desencantados-de-milei","status":"publish","type":"post","link":"https:\/\/partediario.com.ar\/?p=12803","title":{"rendered":"Carlos Kikuchi suma su armado bonaerense en busca del voto de los \u00abdesencantados\u00bb de Milei"},"content":{"rendered":"\n<h2 class=\"wp-block-heading\">El senador boanerense y ex armador de La Libertad Avanza (LLA) Carlos Kikuchi, oficializ\u00f3 junto a otros legisladores la conformaci\u00f3n del espacio Uni\u00f3n Renovaci\u00f3n y Fe (URF) para competir en las elecciones del 7 de septiembre y captar a los \u00abdesencantados\u00bb del gobierno de Javier Milei.<\/h2>\n\n\n\n<p>\u00abEstamos haciendo una integraci\u00f3n formal de este bloque, un nuevo espacio de centro derecha, acompa\u00f1ando los logros de la pol\u00edtica econ\u00f3mica nacional, pero con sensibilidad social\u00bb, destac\u00f3 Kikuchi, cuyo espacio busca competir por los votos del PRO y los libertarios.<\/p>\n\n\n\n<p>El evento se llev\u00f3 adelante en el Hotel Grand Brizo de La Plata y estuvo encabezado, tambi\u00e9n por el diputado provincial Fabi\u00e1n Luayza. \u00abEsta mesa tiene un hilo conductor, que es el sentido com\u00fan con sensibilidad social. La gente necesita que la escuchemos y queremos representarla\u00bb, expres\u00f3 Luayza.<\/p>\n\n\n\n<p>Y agreg\u00f3: \u00abQue quede claro, no vamos a realizar ninguna alianza ni con Milei ni con Cristina Kirchner\u00bb.<\/p>\n\n\n\n<p>Durante el acto en La Plata estuvieron los legisladores de Uni\u00f3n Renovaci\u00f3n y Fe Gustavo Cuervo, Sergio Vargas y Juan Del Oso. Se hicieron presentes adem\u00e1s, los legisladores del mismo espacio Paola Ventura, Mart\u00edn Rozas, Viviana Romano, Salom\u00e9 Jalil Toledo y Blanca Alessi, junto a diversos dirigentes.<\/p>\n","protected":false},"excerpt":{"rendered":"<p>El senador boanerense y ex armador de La Libertad Avanza (LLA) Carlos Kikuchi, oficializ&oacute; junto a otros legisladores la conformaci&oacute;n del espacio Uni&oacute;n Renovaci&oacute;n y Fe (URF) para competir en las elecciones del 7 de septiembre y captar a los &laquo;desencantados&raquo; del gobierno de Javier Milei. &laquo;Estamos haciendo una integraci&oacute;n formal de este bloque, un [&hellip;]<\/p>\n","protected":false},"author":2,"featured_media":12804,"comment_status":"open","ping_status":"open","sticky":false,"template":"","format":"standard","meta":{"footnotes":""},"categories":[5,176],"tags":[5934,5937,232,266,5936,5935],"class_list":["post-12803","post","type-post","status-publish","format-standard","has-post-thumbnail","hentry","category-nacionales","category-politica","tag-carlos-kikuchi","tag-fabian-luayza","tag-javier-milei","tag-libertad-avanza","tag-union-renovacion-y-fe","tag-urf"],"_links":{"self":[{"href":"https:\/\/partediario.com.ar\/index.php?rest_route=\/wp\/v2\/posts\/12803","targetHints":{"allow":["GET"]}}],"collection":[{"href":"https:\/\/partediario.com.ar\/index.php?rest_route=\/wp\/v2\/posts"}],"about":[{"href":"https:\/\/partediario.com.ar\/index.php?rest_route=\/wp\/v2\/types\/post"}],"author":[{"embeddable":true,"href":"https:\/\/partediario.com.ar\/index.php?rest_route=\/wp\/v2\/users\/2"}],"replies":[{"embeddable":true,"href":"https:\/\/partediario.com.ar\/index.php?rest_route=%2Fwp%2Fv2%2Fcomments&post=12803"}],"version-history":[{"count":1,"href":"https:\/\/partediario.com.ar\/index.php?rest_route=\/wp\/v2\/posts\/12803\/revisions"}],"predecessor-version":[{"id":12805,"href":"https:\/\/partediario.com.ar\/index.php?rest_route=\/wp\/v2\/posts\/12803\/revisions\/12805"}],"wp:featuredmedia":[{"embeddable":true,"href":"https:\/\/partediario.com.ar\/index.php?rest_route=\/wp\/v2\/media\/12804"}],"wp:attachment":[{"href":"https:\/\/partediario.com.ar\/index.php?rest_route=%2Fwp%2Fv2%2Fmedia&parent=12803"}],"wp:term":[{"taxonomy":"category","embeddable":true,"href":"https:\/\/partediario.com.ar\/index.php?rest_route=%2Fwp%2Fv2%2Fcategories&post=12803"},{"taxonomy":"post_tag","embeddable":true,"href":"https:\/\/partediario.com.ar\/index.php?rest_route=%2Fwp%2Fv2%2Ftags&post=12803"}],"curies":[{"name":"wp","href":"https:\/\/api.w.org\/{rel}","templated":true}]}}