{"id":12820,"date":"2025-05-11T19:18:43","date_gmt":"2025-05-11T22:18:43","guid":{"rendered":"https:\/\/partediario.com.ar\/?p=12820"},"modified":"2025-05-12T20:52:33","modified_gmt":"2025-05-12T23:52:33","slug":"carlos-sadir-critico-a-la-libertad-avanza-hubo-una-clara-violacion-a-la-veda-electoral-expreso","status":"publish","type":"post","link":"https:\/\/partediario.com.ar\/?p=12820","title":{"rendered":"Carlos Sadir critic\u00f3 a La Libertad Avanza: \u00abHubo una clara violaci\u00f3n a la veda electoral\u00bb, expres\u00f3"},"content":{"rendered":"\n<h2 class=\"wp-block-heading\">El gobernador de Jujuy, Carlos Sadir, perteneciente al \u00abFrente Jujuy Crece\u00bb, vot\u00f3 en las elecciones legislativas de la provincia y denunci\u00f3 que La Libertad Avanza llev\u00f3 a cabo una \u201cclara violaci\u00f3n\u201d de la veda electoral al enviar comunicaciones a los juje\u00f1os por tel\u00e9fono y mensajes en redes sociales.<\/h2>\n\n\n\n<p>\u201cNuestros apoderados del frente lo plantearon porque a pesar de regir la veda se segu\u00edan enviando mensajes y comunicaciones por la web\u201d, manifest\u00f3 tras emitir el voto en el cuarto oscuro, y sum\u00f3: \u201cEs una clara violaci\u00f3n a la veda\u201d.<\/p>\n\n\n\n<p>Adem\u00e1s, destac\u00f3 que su espacio compite en soledad, y plante\u00f3 que por primera vez, el espacio que fund\u00f3 el presidente Javier Milei se medir\u00e1 en la provincia de Jujuy.<\/p>\n\n\n\n<p>\u201cNuestros n\u00fameros est\u00e1n muy ordenados, tenemos un equilibrio fiscal desde hace bastante, y la deuda ha bajado much\u00edsimo\u201d, destac\u00f3 tras las cr\u00edticas libertarias, y a\u00f1adi\u00f3: \u201cEn la p\u00e1gina web est\u00e1 publicada nuestra informaci\u00f3n, es una provincia que tiene un presupuesto aprobado como corresponde\u201d.<\/p>\n\n\n\n<p>Augur\u00f3 una buena elecci\u00f3n, y pese a la baja concurrencia en otras provincias, Sadir indic\u00f3 que espera que la ciudadan\u00eda concurra a las urnas a elegir legisladores.<\/p>\n\n\n\n<p><\/p>\n\n\n\n<blockquote class=\"twitter-tweet\"><p lang=\"es\" dir=\"ltr\">Vot\u00e9 con la convicci\u00f3n de lo que quiero para mi provincia: mejor calidad de vida para cada juje\u00f1o y m\u00e1s oportunidades de crecimiento.<br><br>Hoy, los juje\u00f1os tenemos que elegir el futuro que queremos. <a href=\"https:\/\/t.co\/ovavn3HAZy\">pic.twitter.com\/ovavn3HAZy<\/a><\/p>&mdash; Carlos Sadir (@carlossadirjuy) <a href=\"https:\/\/twitter.com\/carlossadirjuy\/status\/1921548269513007381?ref_src=twsrc%5Etfw\">May 11, 2025<\/a><\/blockquote> <script async src=\"https:\/\/platform.twitter.com\/widgets.js\" charset=\"utf-8\"><\/script>\n\n\n\n<p><\/p>\n\n\n\n<p>A trav\u00e9s de su cuenta de X, el gobernador se\u00f1al\u00f3: \u201cVot\u00e9 con la convicci\u00f3n de lo que quiero para mi provincia: mejor calidad de vida para cada juje\u00f1o y m\u00e1s oportunidades de crecimiento\u201d.<\/p>\n\n\n\n<p>\u201cHoy, los juje\u00f1os tenemos que elegir el futuro que queremos\u201d, finaliz\u00f3.<\/p>\n\n\n\n<p>Cabe se\u00f1alar que en estos comicios, se votar\u00e1n 24 diputados titulares, 10 suplentes y representantes municipales en 16 departamentos; sistema de boleta papel.<\/p>\n","protected":false},"excerpt":{"rendered":"<p>El gobernador de Jujuy, Carlos Sadir, perteneciente al &laquo;Frente Jujuy Crece&raquo;, vot&oacute; en las elecciones legislativas de la provincia y denunci&oacute; que La Libertad Avanza llev&oacute; a cabo una &ldquo;clara violaci&oacute;n&rdquo; de la veda electoral al enviar comunicaciones a los juje&ntilde;os por tel&eacute;fono y mensajes en redes sociales. &ldquo;Nuestros apoderados del frente lo plantearon porque [&hellip;]<\/p>\n","protected":false},"author":2,"featured_media":12821,"comment_status":"open","ping_status":"open","sticky":false,"template":"","format":"standard","meta":{"footnotes":""},"categories":[5,176],"tags":[2530,1461,5945,266],"class_list":["post-12820","post","type-post","status-publish","format-standard","has-post-thumbnail","hentry","category-nacionales","category-politica","tag-carlos-sadir","tag-criticas","tag-frente-jujuy-crece","tag-libertad-avanza"],"_links":{"self":[{"href":"https:\/\/partediario.com.ar\/index.php?rest_route=\/wp\/v2\/posts\/12820","targetHints":{"allow":["GET"]}}],"collection":[{"href":"https:\/\/partediario.com.ar\/index.php?rest_route=\/wp\/v2\/posts"}],"about":[{"href":"https:\/\/partediario.com.ar\/index.php?rest_route=\/wp\/v2\/types\/post"}],"author":[{"embeddable":true,"href":"https:\/\/partediario.com.ar\/index.php?rest_route=\/wp\/v2\/users\/2"}],"replies":[{"embeddable":true,"href":"https:\/\/partediario.com.ar\/index.php?rest_route=%2Fwp%2Fv2%2Fcomments&post=12820"}],"version-history":[{"count":1,"href":"https:\/\/partediario.com.ar\/index.php?rest_route=\/wp\/v2\/posts\/12820\/revisions"}],"predecessor-version":[{"id":12822,"href":"https:\/\/partediario.com.ar\/index.php?rest_route=\/wp\/v2\/posts\/12820\/revisions\/12822"}],"wp:featuredmedia":[{"embeddable":true,"href":"https:\/\/partediario.com.ar\/index.php?rest_route=\/wp\/v2\/media\/12821"}],"wp:attachment":[{"href":"https:\/\/partediario.com.ar\/index.php?rest_route=%2Fwp%2Fv2%2Fmedia&parent=12820"}],"wp:term":[{"taxonomy":"category","embeddable":true,"href":"https:\/\/partediario.com.ar\/index.php?rest_route=%2Fwp%2Fv2%2Fcategories&post=12820"},{"taxonomy":"post_tag","embeddable":true,"href":"https:\/\/partediario.com.ar\/index.php?rest_route=%2Fwp%2Fv2%2Ftags&post=12820"}],"curies":[{"name":"wp","href":"https:\/\/api.w.org\/{rel}","templated":true}]}}