{"id":12823,"date":"2025-05-11T19:25:12","date_gmt":"2025-05-11T22:25:12","guid":{"rendered":"https:\/\/partediario.com.ar\/?p=12823"},"modified":"2025-05-12T20:52:29","modified_gmt":"2025-05-12T23:52:29","slug":"martin-lousteau-acuso-a-milei-de-tener-un-pacto-de-impunidad-para-blindar-a-su-gobierno-de-los-actos-de-corrupcion","status":"publish","type":"post","link":"https:\/\/partediario.com.ar\/?p=12823","title":{"rendered":"Mart\u00edn Lousteau acus\u00f3 a Milei de tener \u00abun pacto de impunidad\u00bb para blindar a su gobierno de los actos de corrupci\u00f3n"},"content":{"rendered":"\n<h2 class=\"wp-block-heading\">El senador nacional Mart\u00edn Lousteau cruz\u00f3 nuevamente al presidente Javier Milei tras el rechazo en el Senado al proyecto de Ficha Limpia, iniciativa que buscaba impedir que personas condenadas en segunda instancia por corrupci\u00f3n pudieran ser candidatas a cargos p\u00fablicos.<\/h2>\n\n\n\n<p>El legislador enunci\u00f3 la existencia de un \u201cpacto de impunidad cruzada\u201d entre el Gobierno y sectores aliados para \u201cblindar\u201d la gesti\u00f3n presidencial y repartirse cargos clave en la Justicia.<\/p>\n\n\n\n<p><\/p>\n\n\n\n<blockquote class=\"twitter-tweet\"><p lang=\"es\" dir=\"ltr\">La ca\u00edda de Ficha Limpia muestra la hipocres\u00eda de <a href=\"https:\/\/twitter.com\/JMilei?ref_src=twsrc%5Etfw\">@jmilei<\/a>. Se llena la boca hablando de los privilegios de la pol\u00edtica, pero en la pr\u00e1ctica hace un pacto de impunidad cruzada para blindar a su gobierno de los actos de corrupci\u00f3n y repartirse cargos clave en la Justicia. <a href=\"https:\/\/t.co\/OHh7PPGhC7\">pic.twitter.com\/OHh7PPGhC7<\/a><\/p>&mdash; Mart\u00edn Lousteau (@GugaLusto) <a href=\"https:\/\/twitter.com\/GugaLusto\/status\/1921603452397932712?ref_src=twsrc%5Etfw\">May 11, 2025<\/a><\/blockquote> <script async src=\"https:\/\/platform.twitter.com\/widgets.js\" charset=\"utf-8\"><\/script>\n\n\n\n<p><\/p>\n\n\n\n<p>En un mensaje publicado en la red social X, el referente de la UCR exprsa\u00f3: \u201cSe llena la boca hablando de los privilegios de la pol\u00edtica, pero en la pr\u00e1ctica hace un pacto de impunidad cruzada para blindar a su gobierno de los actos de corrupci\u00f3n y repartirse cargos clave en la Justicia\u201d.<\/p>\n\n\n\n<p>El rechazo de Ficha Limpia en el Senado deriv\u00f3 en fuertes cruces y especulaciones sobre preseuntos acuerdos entre el oficialismo y bloques provinciales. Lousteau indic\u00f3 que el Gobierno \u201cnunca quiso que saliera ficha limpia\u201d y que la votaci\u00f3n fue una maniobra de la administraci\u00f3n mile\u00edsta. \u201cEl Gobierno eligi\u00f3 a dos senadores poco conocidos que no iban a hablar ni a dar la cara para que finalmente no saliera, es una enorme hipocres\u00eda\u201d, asegur\u00f3 el legislador, y acot\u00f3: \u201cNo me cabe ninguna duda de que la votaci\u00f3n fue una maniobra del oficialismo. Milei no cree en ficha limpia, m\u00e1s all\u00e1 de lo que digan en p\u00fablico\u201d.<\/p>\n\n\n\n<p>Simult\u00e1neamente, la presentaci\u00f3n del proyecto para ampliar la Corte Suprema, impulsado por el salte\u00f1o aliado del oficialismo Juan Carlos Romero, fue interpretada por sectores de la oposici\u00f3n como parte de la misma estrategia para asegurar mayor control sobre el Poder Judicial.<\/p>\n\n\n\n<p>El texto plantea elevar el n\u00famero de jueces a siete, con una cuota de g\u00e9nero que garantiza al menos dos mujeres en el tribunal. La iniciativa fue presentada apenas horas despu\u00e9s del fracaso de Ficha Limpia y del rechazo a los pliegos propuestos por el Ejecutivo.<\/p>\n\n\n\n<p>Mientras tanto, el presidente Milei neg\u00f3 las acusaciones y atribuy\u00f3 la ca\u00edda de Ficha Limpia a una \u201coperaci\u00f3n medi\u00e1tica te\u00f1ida de amarillo\u201d, en referencia al PRO, y afirm\u00f3 que \u201cno estaban los votos\u201d para aprobar la ley. Desde la oposici\u00f3n insisten en que existi\u00f3 un acuerdo para frenar la iniciativa y avanzar con la reforma de la Corte.<\/p>\n","protected":false},"excerpt":{"rendered":"<p>El senador nacional Mart&iacute;n Lousteau cruz&oacute; nuevamente al presidente Javier Milei tras el rechazo en el Senado al proyecto de Ficha Limpia, iniciativa que buscaba impedir que personas condenadas en segunda instancia por corrupci&oacute;n pudieran ser candidatas a cargos p&uacute;blicos. El legislador enunci&oacute; la existencia de un &ldquo;pacto de impunidad cruzada&rdquo; entre el Gobierno y [&hellip;]<\/p>\n","protected":false},"author":2,"featured_media":12824,"comment_status":"open","ping_status":"open","sticky":false,"template":"","format":"standard","meta":{"footnotes":""},"categories":[5,176],"tags":[4432,232,2806,690,230],"class_list":["post-12823","post","type-post","status-publish","format-standard","has-post-thumbnail","hentry","category-nacionales","category-politica","tag-ficha-limpia","tag-javier-milei","tag-martin-lousteau","tag-rechazo","tag-senado"],"_links":{"self":[{"href":"https:\/\/partediario.com.ar\/index.php?rest_route=\/wp\/v2\/posts\/12823","targetHints":{"allow":["GET"]}}],"collection":[{"href":"https:\/\/partediario.com.ar\/index.php?rest_route=\/wp\/v2\/posts"}],"about":[{"href":"https:\/\/partediario.com.ar\/index.php?rest_route=\/wp\/v2\/types\/post"}],"author":[{"embeddable":true,"href":"https:\/\/partediario.com.ar\/index.php?rest_route=\/wp\/v2\/users\/2"}],"replies":[{"embeddable":true,"href":"https:\/\/partediario.com.ar\/index.php?rest_route=%2Fwp%2Fv2%2Fcomments&post=12823"}],"version-history":[{"count":1,"href":"https:\/\/partediario.com.ar\/index.php?rest_route=\/wp\/v2\/posts\/12823\/revisions"}],"predecessor-version":[{"id":12825,"href":"https:\/\/partediario.com.ar\/index.php?rest_route=\/wp\/v2\/posts\/12823\/revisions\/12825"}],"wp:featuredmedia":[{"embeddable":true,"href":"https:\/\/partediario.com.ar\/index.php?rest_route=\/wp\/v2\/media\/12824"}],"wp:attachment":[{"href":"https:\/\/partediario.com.ar\/index.php?rest_route=%2Fwp%2Fv2%2Fmedia&parent=12823"}],"wp:term":[{"taxonomy":"category","embeddable":true,"href":"https:\/\/partediario.com.ar\/index.php?rest_route=%2Fwp%2Fv2%2Fcategories&post=12823"},{"taxonomy":"post_tag","embeddable":true,"href":"https:\/\/partediario.com.ar\/index.php?rest_route=%2Fwp%2Fv2%2Ftags&post=12823"}],"curies":[{"name":"wp","href":"https:\/\/api.w.org\/{rel}","templated":true}]}}