{"id":12830,"date":"2025-05-11T19:36:41","date_gmt":"2025-05-11T22:36:41","guid":{"rendered":"https:\/\/partediario.com.ar\/?p=12830"},"modified":"2025-05-12T20:52:21","modified_gmt":"2025-05-12T23:52:21","slug":"fuerte-apatia-en-las-elecciones-legislativas-menos-del-30-del-padron-voto-en-salta-chaco-y-san-luis","status":"publish","type":"post","link":"https:\/\/partediario.com.ar\/?p=12830","title":{"rendered":"Fuerte apat\u00eda en las elecciones legislativas: menos del 30% del padr\u00f3n vot\u00f3 en Salta, Chaco y San Luis"},"content":{"rendered":"\n<h2 class=\"wp-block-heading\">Una jornada electoral marcada por la falta de inter\u00e9s de la ciudadan\u00eda, transcurri\u00f3 este domingo en Salta, Chaco y San Luis, donde el nivel de participaci\u00f3n ciudadana fue realmente bajo.<\/h2>\n\n\n\n<p>De acuerdo a datos preliminares relevados hasta el mediod\u00eda, en ninguna de las tres provincias la concurrencia a las urnas super\u00f3 el 30% del padr\u00f3n, generando gran preocupaci\u00f3n entre autoridades electorales, candidatos y partidos pol\u00edticos.<\/p>\n\n\n\n<p class=\"has-medium-font-size\"><strong>San Luis<\/strong><\/p>\n\n\n\n<p>En San Luis, donde se implement\u00f3 por primera vez la boleta \u00fanica, la Justicia Electoral se\u00f1al\u00f3 que la participaci\u00f3n apenas superaba el 30%, siendo el departamento Juan Mart\u00edn de Pueyrred\u00f3n, el m\u00e1s importante de la provincia, el que mostraba una asistencia menor al 25%. \u201cNos preocupa el escaso movimiento en los centros de votaci\u00f3n\u201d, se\u00f1alaron fuentes judiciales.<\/p>\n\n\n\n<p class=\"has-medium-font-size\"><strong>Salta<\/strong><\/p>\n\n\n\n<p>En Salta, que utiliza el voto electr\u00f3nico, el porcentaje de votantes se increment\u00f3 del 12% registrado durante la ma\u00f1ana al 25% hacia el mediod\u00eda. No obstante, el aumento fue insuficiente para revertir el escenario de apat\u00eda generalizada.<\/p>\n\n\n\n<p class=\"has-medium-font-size\"><strong>Chaco<\/strong><\/p>\n\n\n\n<p>En Chaco, el panorama fue aun peor. Solo el 20% del padr\u00f3n habilitado hab\u00eda votado hasta el mediod\u00eda. Referentes locales atribuyen esta baja participaci\u00f3n a la falta de entusiasmo, a la crisis econ\u00f3mica y a un clima de desconfianza generalizado.<\/p>\n\n\n\n<p class=\"has-medium-font-size\"><strong>Jujuy<\/strong><\/p>\n\n\n\n<p>En Jujuy, de acuerdo a los primeros sondeos, hubo un buen nivel de participaci\u00f3n de los electores habilitados en la provincia. La primera parte de la jornada electoral transcurri\u00f3 con normalidad en la mayor\u00eda de los centros de votaci\u00f3n, algunos candidatos reportaron incidentes aislados.<\/p>\n","protected":false},"excerpt":{"rendered":"<p>Una jornada electoral marcada por la falta de inter&eacute;s de la ciudadan&iacute;a, transcurri&oacute; este domingo en Salta, Chaco y San Luis, donde el nivel de participaci&oacute;n ciudadana fue realmente bajo. De acuerdo a datos preliminares relevados hasta el mediod&iacute;a, en ninguna de las tres provincias la concurrencia a las urnas super&oacute; el 30% del padr&oacute;n, [&hellip;]<\/p>\n","protected":false},"author":2,"featured_media":12801,"comment_status":"open","ping_status":"open","sticky":false,"template":"","format":"standard","meta":{"footnotes":""},"categories":[5,176],"tags":[764,653,1955,753,1412,1087,1802],"class_list":["post-12830","post","type-post","status-publish","format-standard","has-post-thumbnail","hentry","category-nacionales","category-politica","tag-baja","tag-chaco","tag-elecciones","tag-jujuy","tag-participacion","tag-salta","tag-san-luis"],"_links":{"self":[{"href":"https:\/\/partediario.com.ar\/index.php?rest_route=\/wp\/v2\/posts\/12830","targetHints":{"allow":["GET"]}}],"collection":[{"href":"https:\/\/partediario.com.ar\/index.php?rest_route=\/wp\/v2\/posts"}],"about":[{"href":"https:\/\/partediario.com.ar\/index.php?rest_route=\/wp\/v2\/types\/post"}],"author":[{"embeddable":true,"href":"https:\/\/partediario.com.ar\/index.php?rest_route=\/wp\/v2\/users\/2"}],"replies":[{"embeddable":true,"href":"https:\/\/partediario.com.ar\/index.php?rest_route=%2Fwp%2Fv2%2Fcomments&post=12830"}],"version-history":[{"count":1,"href":"https:\/\/partediario.com.ar\/index.php?rest_route=\/wp\/v2\/posts\/12830\/revisions"}],"predecessor-version":[{"id":12832,"href":"https:\/\/partediario.com.ar\/index.php?rest_route=\/wp\/v2\/posts\/12830\/revisions\/12832"}],"wp:featuredmedia":[{"embeddable":true,"href":"https:\/\/partediario.com.ar\/index.php?rest_route=\/wp\/v2\/media\/12801"}],"wp:attachment":[{"href":"https:\/\/partediario.com.ar\/index.php?rest_route=%2Fwp%2Fv2%2Fmedia&parent=12830"}],"wp:term":[{"taxonomy":"category","embeddable":true,"href":"https:\/\/partediario.com.ar\/index.php?rest_route=%2Fwp%2Fv2%2Fcategories&post=12830"},{"taxonomy":"post_tag","embeddable":true,"href":"https:\/\/partediario.com.ar\/index.php?rest_route=%2Fwp%2Fv2%2Ftags&post=12830"}],"curies":[{"name":"wp","href":"https:\/\/api.w.org\/{rel}","templated":true}]}}