{"id":12849,"date":"2025-05-12T20:39:31","date_gmt":"2025-05-12T23:39:31","guid":{"rendered":"https:\/\/partediario.com.ar\/?p=12849"},"modified":"2025-05-13T12:36:11","modified_gmt":"2025-05-13T15:36:11","slug":"silvia-lospennato-cruzo-a-javier-milei-por-ficha-limpia-era-tu-responsabilidad-que-salga-la-ley-y-no-salio-apunto","status":"publish","type":"post","link":"https:\/\/partediario.com.ar\/?p=12849","title":{"rendered":"Silvia Lospennato cruz\u00f3 a Javier Milei por Ficha Limpia: \u201cEra tu responsabilidad que salga la ley y no sali\u00f3\u201d, apunt\u00f3"},"content":{"rendered":"\n<h2 class=\"wp-block-heading\">La diputada nacional y candidata a legisladora porte\u00f1a del PRO Silvia Lospennato, apunt\u00f3 hoy contra Javier Milei por sus dichos sobre un supuesto pacto entre Mauricio Macri y Cristina Kirchner para evitar que se aprobara Ficha Limpia, y le record\u00f3 al mandatario que era su \u201cresponsabilidad de que saliera la ley y no sali\u00f3\u201d.<\/h2>\n\n\n\n<p><\/p>\n\n\n\n<blockquote class=\"twitter-tweet\"><p lang=\"es\" dir=\"ltr\">Es con la verdad. <a href=\"https:\/\/t.co\/5vWJqZC857\">pic.twitter.com\/5vWJqZC857<\/a><\/p>&mdash; Silvia Lospennato (@slospennato) <a href=\"https:\/\/twitter.com\/slospennato\/status\/1922003294848790704?ref_src=twsrc%5Etfw\">May 12, 2025<\/a><\/blockquote> <script async src=\"https:\/\/platform.twitter.com\/widgets.js\" charset=\"utf-8\"><\/script>\n\n\n\n<p><\/p>\n\n\n\n<p>Por medio de un video que difundi\u00f3 en sus redes sociales, la referente macrista critic\u00f3 que el jefe de Estado se atribuyera la autor\u00eda del proyecto de Ficha Limpia, argumento que utiliz\u00f3 la m\u00e1xima autoridad del Poder Ejecutivo para rechazar la hip\u00f3tesis de que hab\u00eda sido \u00e9l quien estuvo detr\u00e1s del naufragio de la iniciativa en el Senado.<\/p>\n\n\n\n<p>\u201cSe\u00f1or presidente, la Ficha Limpia no era un proyecto suyo. Tampoco era un proyecto m\u00edo, aunque lo haya presentado por primera vez en la Argentina en el a\u00f1o 2016 y lo haya representado ininterrumpidamente desde ese momento\u201d, se\u00f1al\u00f3 inicialmente Lospennato en un video.<\/p>\n\n\n\n<p>Y sigui\u00f3: \u201cLa Ficha Limpia era y es un proyecto ciudadano, respaldado por un movimiento de ciudadanos independientes y por una mayor\u00eda social que hoy se siente frustrada y decepcionada. Lo que s\u00ed era suyo era la responsabilidad de que saliera la ley y no sali\u00f3. Yo le cre\u00ed, muchos le cre\u00edmos\u201d, apunt\u00f3.<\/p>\n\n\n\n<p>\u201cPero todav\u00eda hay algo peor que mentir, que es creerse las peores mentiras. Un pacto entre el presidente Macri y Cristina (Kirchner) es lo menos cre\u00edble que los argentinos escuchamos en a\u00f1os. No lo creen los kirchneristas, no lo creen los macristas, no lo cree ning\u00fan argentino\u201d, aclar\u00f3 la candidata del PRO.<\/p>\n\n\n\n<p>Lospennato indic\u00f3 que \u201cpese a los ataques y a los agravios\u201d recibidos, ella se encuentra \u201cen paz\u201d porque tiene \u201cla certeza que la verdad siempre sale a la luz\u201d.<\/p>\n\n\n\n<p>\u00bfSabe por qu\u00e9? Porque somos una mayor\u00eda los argentinos que queremos vivir en un pa\u00eds sin corrupci\u00f3n, porque somos una mayor\u00eda los argentinos que le decimos que no a los pactos de impunidad. Las argentinas y los argentinos no nos rendimos, no bajamos los brazos. Es con la verdad\u201d, finaliz\u00f3 la legisladora macrista.<\/p>\n\n\n\n<p>Al mediod\u00eda, en una entrevista televisiva, Milei hab\u00eda dicho que a su criterio \u201chubo un acuerdo entre Cristina y Macri para ensuciarlo\u201d a \u00e9l.<\/p>\n\n\n\n<p>\u00ab\u00bfSabes por qu\u00e9? Porque el \u00fanico que pierde con esto soy yo. \u00bfQu\u00e9 es lo que hace Cristina? Logra que no salga ficha limpia y Macri me ensucia a m\u00ed, digamos, para conseguir una ventajita electoral. Eso es la pol\u00edtica argentina\u00bb, manifest\u00f3 el presidente.<\/p>\n\n\n\n<p>Complementariamente al video publicado por Lospennato, Macri escribi\u00f3 un tuit en el que calific\u00f3 como \u201cuna alucinaci\u00f3n seria\u201d las conjeturas de Milei sobre Ficha Limpia.<\/p>\n\n\n\n<p>\u201cJavier, tus declaraciones sobre la votaci\u00f3n de Ficha Limpia son realmente una alucinaci\u00f3n seria. No puedo creer lo poco que me conoc\u00e9s. La desilusi\u00f3n que tengo es infinita\u201d, mencion\u00f3 el presidente del PRO.<\/p>\n","protected":false},"excerpt":{"rendered":"<p>La diputada nacional y candidata a legisladora porte&ntilde;a del PRO Silvia Lospennato, apunt&oacute; hoy contra Javier Milei por sus dichos sobre un supuesto pacto entre Mauricio Macri y Cristina Kirchner para evitar que se aprobara Ficha Limpia, y le record&oacute; al mandatario que era su &ldquo;responsabilidad de que saliera la ley y no sali&oacute;&rdquo;. Es [&hellip;]<\/p>\n","protected":false},"author":2,"featured_media":12850,"comment_status":"open","ping_status":"open","sticky":false,"template":"","format":"standard","meta":{"footnotes":""},"categories":[5,176],"tags":[1461,4432,232,1101,5724],"class_list":["post-12849","post","type-post","status-publish","format-standard","has-post-thumbnail","hentry","category-nacionales","category-politica","tag-criticas","tag-ficha-limpia","tag-javier-milei","tag-mauricio-macri","tag-silvia-lospennato"],"_links":{"self":[{"href":"https:\/\/partediario.com.ar\/index.php?rest_route=\/wp\/v2\/posts\/12849","targetHints":{"allow":["GET"]}}],"collection":[{"href":"https:\/\/partediario.com.ar\/index.php?rest_route=\/wp\/v2\/posts"}],"about":[{"href":"https:\/\/partediario.com.ar\/index.php?rest_route=\/wp\/v2\/types\/post"}],"author":[{"embeddable":true,"href":"https:\/\/partediario.com.ar\/index.php?rest_route=\/wp\/v2\/users\/2"}],"replies":[{"embeddable":true,"href":"https:\/\/partediario.com.ar\/index.php?rest_route=%2Fwp%2Fv2%2Fcomments&post=12849"}],"version-history":[{"count":1,"href":"https:\/\/partediario.com.ar\/index.php?rest_route=\/wp\/v2\/posts\/12849\/revisions"}],"predecessor-version":[{"id":12851,"href":"https:\/\/partediario.com.ar\/index.php?rest_route=\/wp\/v2\/posts\/12849\/revisions\/12851"}],"wp:featuredmedia":[{"embeddable":true,"href":"https:\/\/partediario.com.ar\/index.php?rest_route=\/wp\/v2\/media\/12850"}],"wp:attachment":[{"href":"https:\/\/partediario.com.ar\/index.php?rest_route=%2Fwp%2Fv2%2Fmedia&parent=12849"}],"wp:term":[{"taxonomy":"category","embeddable":true,"href":"https:\/\/partediario.com.ar\/index.php?rest_route=%2Fwp%2Fv2%2Fcategories&post=12849"},{"taxonomy":"post_tag","embeddable":true,"href":"https:\/\/partediario.com.ar\/index.php?rest_route=%2Fwp%2Fv2%2Ftags&post=12849"}],"curies":[{"name":"wp","href":"https:\/\/api.w.org\/{rel}","templated":true}]}}