{"id":12852,"date":"2025-05-12T20:46:23","date_gmt":"2025-05-12T23:46:23","guid":{"rendered":"https:\/\/partediario.com.ar\/?p=12852"},"modified":"2025-05-13T12:36:06","modified_gmt":"2025-05-13T15:36:06","slug":"macri-cruzo-a-milei-y-compartio-un-fuerte-mensaje-de-silvia-lospennato-por-ficha-limpia-no-puedo-creer","status":"publish","type":"post","link":"https:\/\/partediario.com.ar\/?p=12852","title":{"rendered":"Macri cruz\u00f3 a Milei y comparti\u00f3 un fuerte mensaje de Silvia Lospennato por Ficha Limpia: \u00abNo puedo creer\u00bb"},"content":{"rendered":"\n<h2 class=\"wp-block-heading\">El expresidente Mauricio Macri cuestion\u00f3 este lunes al presidente Javier Milei por sus declaraciones sobre el proyecto de Ficha Limpia, y replic\u00f3 en su cuenta de X un video con fuertes cr\u00edticas de la diputada nacional Silvia Lospennato, quien adem\u00e1s sali\u00f3 a desmentir al presidente libertario.<\/h2>\n\n\n\n<p>\u00abJavier, tus declaraciones sobre la votaci\u00f3n de Ficha Limpia son realmente una alucinaci\u00f3n seria. No puedo creer lo poco que me conoc\u00e9s. La desilusi\u00f3n que tengo es infinita\u00bb, expres\u00f3 Macri en su cuenta oficial, con una menci\u00f3n directa al mandatario nacional.<\/p>\n\n\n\n<p><\/p>\n\n\n\n<blockquote class=\"twitter-tweet\"><p lang=\"es\" dir=\"ltr\">Javier, tus declaraciones sobre la votaci\u00f3n de Ficha Limpia son realmente una alucinaci\u00f3n seria. No puedo creer lo poco que me conoc\u00e9s. La desilusi\u00f3n que tengo es infinita <a href=\"https:\/\/t.co\/iR3szxwz3A\">https:\/\/t.co\/iR3szxwz3A<\/a><\/p>&mdash; Mauricio Macri (@mauriciomacri) <a href=\"https:\/\/twitter.com\/mauriciomacri\/status\/1922010313668395197?ref_src=twsrc%5Etfw\">May 12, 2025<\/a><\/blockquote> <script async src=\"https:\/\/platform.twitter.com\/widgets.js\" charset=\"utf-8\"><\/script>\n\n\n\n<p><\/p>\n\n\n\n<p>La respuesta del ex presidente lleg\u00f3 tras que Milei acusara al PRO de haber pactado con el kirchnerismo para bloquear la iniciativa en el Congreso, vinculando a Macri con Cristina Fern\u00e1ndez de Kirchner.<\/p>\n\n\n\n<p><strong>En el video difundido por el propio exmandatario, Lospennato sostuvo:<\/strong><\/p>\n\n\n\n<p>\u00abSe\u00f1or presidente, la Ficha Limpia no era un proyecto suyo, tampoco era un proyecto m\u00edo, aunque yo lo haya presentado por primera vez en 2016 y lo haya representado ininterrumpidamente desde entonces.\u00bb<\/p>\n\n\n\n<p><strong>La legisladora del PRO prosigui\u00f3:<\/strong><\/p>\n\n\n\n<p>\u00abLa Ficha Limpia era y es un proyecto ciudadano respaldado por una mayor\u00eda social que hoy se siente frustrada y decepcionada. Lo que s\u00ed era suyo era la responsabilidad de que saliera la ley. Y no sali\u00f3. Yo le cre\u00ed. Muchos le cre\u00edmos. Pero todav\u00eda hay algo peor que mentir: creerse las propias mentiras.\u00bb<\/p>\n\n\n\n<p>En un tono firme, Lospennato adem\u00e1s neg\u00f3 la acusaci\u00f3n de un supuesto acuerdo entre Macri y el kirchnerismo:<\/p>\n\n\n\n<p>\u00abUn pacto entre el presidente Macri y Cristina es lo menos cre\u00edble que los argentinos escuchamos en a\u00f1os. No lo creen los kirchneristas, no lo creen los macristas, y no lo cree ning\u00fan argentino, dispar\u00f3\u00bb.<\/p>\n\n\n\n<p><strong>Y concluy\u00f3 con una frase contundente:<\/strong><\/p>\n\n\n\n<p>\u201cLas argentinas y los argentinos no nos rendimos, no bajamos los brazos. Es con la verdad.\u201d<\/p>\n","protected":false},"excerpt":{"rendered":"<p>El expresidente Mauricio Macri cuestion&oacute; este lunes al presidente Javier Milei por sus declaraciones sobre el proyecto de Ficha Limpia, y replic&oacute; en su cuenta de X un video con fuertes cr&iacute;ticas de la diputada nacional Silvia Lospennato, quien adem&aacute;s sali&oacute; a desmentir al presidente libertario. &laquo;Javier, tus declaraciones sobre la votaci&oacute;n de Ficha Limpia [&hellip;]<\/p>\n","protected":false},"author":2,"featured_media":12853,"comment_status":"open","ping_status":"open","sticky":false,"template":"","format":"standard","meta":{"footnotes":""},"categories":[5,176],"tags":[4432,232,1101,5724],"class_list":["post-12852","post","type-post","status-publish","format-standard","has-post-thumbnail","hentry","category-nacionales","category-politica","tag-ficha-limpia","tag-javier-milei","tag-mauricio-macri","tag-silvia-lospennato"],"_links":{"self":[{"href":"https:\/\/partediario.com.ar\/index.php?rest_route=\/wp\/v2\/posts\/12852","targetHints":{"allow":["GET"]}}],"collection":[{"href":"https:\/\/partediario.com.ar\/index.php?rest_route=\/wp\/v2\/posts"}],"about":[{"href":"https:\/\/partediario.com.ar\/index.php?rest_route=\/wp\/v2\/types\/post"}],"author":[{"embeddable":true,"href":"https:\/\/partediario.com.ar\/index.php?rest_route=\/wp\/v2\/users\/2"}],"replies":[{"embeddable":true,"href":"https:\/\/partediario.com.ar\/index.php?rest_route=%2Fwp%2Fv2%2Fcomments&post=12852"}],"version-history":[{"count":1,"href":"https:\/\/partediario.com.ar\/index.php?rest_route=\/wp\/v2\/posts\/12852\/revisions"}],"predecessor-version":[{"id":12854,"href":"https:\/\/partediario.com.ar\/index.php?rest_route=\/wp\/v2\/posts\/12852\/revisions\/12854"}],"wp:featuredmedia":[{"embeddable":true,"href":"https:\/\/partediario.com.ar\/index.php?rest_route=\/wp\/v2\/media\/12853"}],"wp:attachment":[{"href":"https:\/\/partediario.com.ar\/index.php?rest_route=%2Fwp%2Fv2%2Fmedia&parent=12852"}],"wp:term":[{"taxonomy":"category","embeddable":true,"href":"https:\/\/partediario.com.ar\/index.php?rest_route=%2Fwp%2Fv2%2Fcategories&post=12852"},{"taxonomy":"post_tag","embeddable":true,"href":"https:\/\/partediario.com.ar\/index.php?rest_route=%2Fwp%2Fv2%2Ftags&post=12852"}],"curies":[{"name":"wp","href":"https:\/\/api.w.org\/{rel}","templated":true}]}}