{"id":12858,"date":"2025-05-13T12:24:34","date_gmt":"2025-05-13T15:24:34","guid":{"rendered":"https:\/\/partediario.com.ar\/?p=12858"},"modified":"2025-05-15T09:44:35","modified_gmt":"2025-05-15T12:44:35","slug":"imagenes-del-impactante-choque-frontal-entre-un-micro-y-un-camion-en-ruta-3","status":"publish","type":"post","link":"https:\/\/partediario.com.ar\/?p=12858","title":{"rendered":"Im\u00e1genes del impactante choque frontal entre un micro y un cami\u00f3n en Ruta 3"},"content":{"rendered":"\n<h2 class=\"wp-block-heading\">Un micro de la empresa Condor Estrella, embisti\u00f3 de frente esta madrugada un cami\u00f3n en la Ruta Nacional 3, a la altura del kil\u00f3metro 132, en San Miguel del Monte, dejando como resultado hasta ahora cuatro v\u00edctimas fatales y m\u00faltiples heridos de diversa consideraci\u00f3n.<\/h2>\n\n\n\n<p>Hasta ahora se registraron cuatro fallecidos y 16 heridos que fueron trasladados al hospital Zen\u00f3n Videla Dorna de San Miguel del Monte, ubicado a 25 kil\u00f3metros de la zona del fatal accidente vial ocurrido en Ruta 3.<\/p>\n\n\n\n<p><\/p>\n\n\n\n<figure class=\"wp-block-image size-full\"><img loading=\"lazy\" decoding=\"async\" width=\"960\" height=\"720\" src=\"https:\/\/partediario.com.ar\/wp-content\/uploads\/Accidente-Micro-Camion-Ruta-3-4.webp\" alt=\"\" class=\"wp-image-12859\" srcset=\"https:\/\/partediario.com.ar\/wp-content\/uploads\/Accidente-Micro-Camion-Ruta-3-4.webp 960w, https:\/\/partediario.com.ar\/wp-content\/uploads\/Accidente-Micro-Camion-Ruta-3-4-300x225.webp 300w, https:\/\/partediario.com.ar\/wp-content\/uploads\/Accidente-Micro-Camion-Ruta-3-4-768x576.webp 768w\" sizes=\"auto, (max-width: 960px) 100vw, 960px\" \/><\/figure>\n\n\n\n<p><\/p>\n\n\n\n<figure class=\"wp-block-image size-full\"><img loading=\"lazy\" decoding=\"async\" width=\"960\" height=\"720\" src=\"https:\/\/partediario.com.ar\/wp-content\/uploads\/Accidente-Micro-Camion-Ruta-3-2.webp\" alt=\"\" class=\"wp-image-12860\" srcset=\"https:\/\/partediario.com.ar\/wp-content\/uploads\/Accidente-Micro-Camion-Ruta-3-2.webp 960w, https:\/\/partediario.com.ar\/wp-content\/uploads\/Accidente-Micro-Camion-Ruta-3-2-300x225.webp 300w, https:\/\/partediario.com.ar\/wp-content\/uploads\/Accidente-Micro-Camion-Ruta-3-2-768x576.webp 768w\" sizes=\"auto, (max-width: 960px) 100vw, 960px\" \/><\/figure>\n\n\n\n<p><\/p>\n\n\n\n<figure class=\"wp-block-image size-full\"><img loading=\"lazy\" decoding=\"async\" width=\"960\" height=\"720\" src=\"https:\/\/partediario.com.ar\/wp-content\/uploads\/Accidente-Micro-Camion-Ruta-3.webp\" alt=\"\" class=\"wp-image-12861\" srcset=\"https:\/\/partediario.com.ar\/wp-content\/uploads\/Accidente-Micro-Camion-Ruta-3.webp 960w, https:\/\/partediario.com.ar\/wp-content\/uploads\/Accidente-Micro-Camion-Ruta-3-300x225.webp 300w, https:\/\/partediario.com.ar\/wp-content\/uploads\/Accidente-Micro-Camion-Ruta-3-768x576.webp 768w\" sizes=\"auto, (max-width: 960px) 100vw, 960px\" \/><\/figure>\n\n\n\n<p><\/p>\n\n\n\n<p><\/p>\n\n\n\n<p>Del total de lesionados, seis fueron derivados con c\u00f3digo rojo, pero por el momento solo uno se encuentra en grave estado, (el conductor del micro siniestrado), por lo que fue derivado al Hospital Cuenca Alta.<\/p>\n\n\n\n<p>Desde el nosocomio local, se\u00f1alaron que la mayor\u00eda cuenta con politraumatismos y fracturas varias.<\/p>\n\n\n\n<p>Francisco Guti\u00e9rrez, jefe de Bomberos de San Miguel del Monte, indic\u00f3 que al momento del siniestro fatal \u00abhab\u00eda mucha niebla\u00bb y que en esa zona \u00abhay muchos accidentes\u00bb.<\/p>\n\n\n\n<p>En el lugar trabajan Bomberos y personal de rescate y se estima que habr\u00e1 m\u00e1s de tres horas de demora en la traza por el operativo.<\/p>\n\n\n\n<p>Las primeras informaciones precisan que el micro se dirig\u00eda hac\u00eda Buenos Aires y choc\u00f3 de frente contra el cami\u00f3n que iba en sentido contrario.<\/p>\n","protected":false},"excerpt":{"rendered":"<p>Un micro de la empresa Condor Estrella, embisti&oacute; de frente esta madrugada un cami&oacute;n en la Ruta Nacional 3, a la altura del kil&oacute;metro 132, en San Miguel del Monte, dejando como resultado hasta ahora cuatro v&iacute;ctimas fatales y m&uacute;ltiples heridos de diversa consideraci&oacute;n. Hasta ahora se registraron cuatro fallecidos y 16 heridos que fueron [&hellip;]<\/p>\n","protected":false},"author":2,"featured_media":12862,"comment_status":"open","ping_status":"open","sticky":false,"template":"","format":"standard","meta":{"footnotes":""},"categories":[7,8],"tags":[443,480,1252,5954,5955],"class_list":["post-12858","post","type-post","status-publish","format-standard","has-post-thumbnail","hentry","category-policiales","category-provinciales","tag-accidente","tag-camion","tag-micro","tag-ruta-3","tag-san-miguel-del-monte"],"_links":{"self":[{"href":"https:\/\/partediario.com.ar\/index.php?rest_route=\/wp\/v2\/posts\/12858","targetHints":{"allow":["GET"]}}],"collection":[{"href":"https:\/\/partediario.com.ar\/index.php?rest_route=\/wp\/v2\/posts"}],"about":[{"href":"https:\/\/partediario.com.ar\/index.php?rest_route=\/wp\/v2\/types\/post"}],"author":[{"embeddable":true,"href":"https:\/\/partediario.com.ar\/index.php?rest_route=\/wp\/v2\/users\/2"}],"replies":[{"embeddable":true,"href":"https:\/\/partediario.com.ar\/index.php?rest_route=%2Fwp%2Fv2%2Fcomments&post=12858"}],"version-history":[{"count":1,"href":"https:\/\/partediario.com.ar\/index.php?rest_route=\/wp\/v2\/posts\/12858\/revisions"}],"predecessor-version":[{"id":12863,"href":"https:\/\/partediario.com.ar\/index.php?rest_route=\/wp\/v2\/posts\/12858\/revisions\/12863"}],"wp:featuredmedia":[{"embeddable":true,"href":"https:\/\/partediario.com.ar\/index.php?rest_route=\/wp\/v2\/media\/12862"}],"wp:attachment":[{"href":"https:\/\/partediario.com.ar\/index.php?rest_route=%2Fwp%2Fv2%2Fmedia&parent=12858"}],"wp:term":[{"taxonomy":"category","embeddable":true,"href":"https:\/\/partediario.com.ar\/index.php?rest_route=%2Fwp%2Fv2%2Fcategories&post=12858"},{"taxonomy":"post_tag","embeddable":true,"href":"https:\/\/partediario.com.ar\/index.php?rest_route=%2Fwp%2Fv2%2Ftags&post=12858"}],"curies":[{"name":"wp","href":"https:\/\/api.w.org\/{rel}","templated":true}]}}