{"id":12867,"date":"2025-05-13T12:35:34","date_gmt":"2025-05-13T15:35:34","guid":{"rendered":"https:\/\/partediario.com.ar\/?p=12867"},"modified":"2025-05-15T09:44:26","modified_gmt":"2025-05-15T12:44:26","slug":"f1-en-argentina-hay-muy-buena-predisposicion-expreso-francos","status":"publish","type":"post","link":"https:\/\/partediario.com.ar\/?p=12867","title":{"rendered":"F1 en Argentina: \u201cHay muy buena predisposici\u00f3n\u201d, expres\u00f3 Francos"},"content":{"rendered":"\n<h2 class=\"wp-block-heading\">El jefe de Gabinete de Ministros de la Naci\u00f3n, Guillermo Francos, hizo referencia a la posibilidad que la F\u00f3rmula 1 retorne a la Argentina y afirm\u00f3 que \u201chay muy buena predisposici\u00f3n\u201d.<\/h2>\n\n\n\n<p>\u201cYo creo que s\u00ed est\u00e1 la posibilidad, no s\u00e9 exactamente en qu\u00e9 fecha ser\u00e1, no s\u00e9 si podr\u00e1 ser este a\u00f1o o el siguiente, m\u00e1s probablemente el siguiente (por el 2027)\u201d, explic\u00f3 Francos, quien admiti\u00f3 que \u201cha habido conversaciones en las que particip\u00f3 el presidente del Autom\u00f3vil Club Argentino y el secretario de Turismo y todo se\u00f1ala que hay muy buena predisposici\u00f3n. Esperemos que se concrete\u201d, apunt\u00f3.<\/p>\n\n\n\n<p>Consultado sobre el fen\u00f3meno que genera Franco Colapinto, que este fin de semana volver\u00e1 a la F\u00f3rmula 1 en el Gran Premio de Emilia-Roma\u00f1a, Francos subray\u00f3 en declaraciones radiales que \u201cse ha generado una situaci\u00f3n muy incre\u00edble de la relaci\u00f3n con este joven piloto y el pueblo argentino, pero adem\u00e1s en general en el mundo es una figura ya muy reconocida y muy apreciada. Yo creo que hay horizonte\u201d, se\u00f1al\u00f3.<\/p>\n\n\n\n<p>Volviendo a la posibilidad de que la F1 arribe al pa\u00eds, Francos mencion\u00f3 que \u201cno es tan f\u00e1cil\u201d, aunque expres\u00f3 su deseo de conseguirlo porque \u201ces un evento que ven cientos de millones de personas. Entonces, es poner a la Argentina m\u00e1s fuerte en el escenario mundial. Hoy lo tenemos como representante a Colapinto de la Argentina, tambi\u00e9n lo tenemos a Milei, que se ha convertido en el escenario mundial en una estrella\u201d.<\/p>\n\n\n\n<p>Finalizando, en cierto modo compar\u00f3 a Colapinto con leyendas del deporte mundial como Diego Maradona y Lionel Messi: \u201cAs\u00ed como hemos tenido a Maradona y a Messi, ahora lo tenemos a Colapinto. Tenemos posibilidades de ubicar a la Argentina y eso es importante para cualquier pa\u00eds\u201d, concluy\u00f3.<\/p>\n","protected":false},"excerpt":{"rendered":"<p>El jefe de Gabinete de Ministros de la Naci&oacute;n, Guillermo Francos, hizo referencia a la posibilidad que la F&oacute;rmula 1 retorne a la Argentina y afirm&oacute; que &ldquo;hay muy buena predisposici&oacute;n&rdquo;. &ldquo;Yo creo que s&iacute; est&aacute; la posibilidad, no s&eacute; exactamente en qu&eacute; fecha ser&aacute;, no s&eacute; si podr&aacute; ser este a&ntilde;o o el siguiente, [&hellip;]<\/p>\n","protected":false},"author":2,"featured_media":12868,"comment_status":"open","ping_status":"open","sticky":false,"template":"","format":"standard","meta":{"footnotes":""},"categories":[4,5],"tags":[411,2848,2847,329],"class_list":["post-12867","post","type-post","status-publish","format-standard","has-post-thumbnail","hentry","category-deportes","category-nacionales","tag-argentina","tag-f1","tag-franco-colapinto","tag-guillermo-francos"],"_links":{"self":[{"href":"https:\/\/partediario.com.ar\/index.php?rest_route=\/wp\/v2\/posts\/12867","targetHints":{"allow":["GET"]}}],"collection":[{"href":"https:\/\/partediario.com.ar\/index.php?rest_route=\/wp\/v2\/posts"}],"about":[{"href":"https:\/\/partediario.com.ar\/index.php?rest_route=\/wp\/v2\/types\/post"}],"author":[{"embeddable":true,"href":"https:\/\/partediario.com.ar\/index.php?rest_route=\/wp\/v2\/users\/2"}],"replies":[{"embeddable":true,"href":"https:\/\/partediario.com.ar\/index.php?rest_route=%2Fwp%2Fv2%2Fcomments&post=12867"}],"version-history":[{"count":1,"href":"https:\/\/partediario.com.ar\/index.php?rest_route=\/wp\/v2\/posts\/12867\/revisions"}],"predecessor-version":[{"id":12869,"href":"https:\/\/partediario.com.ar\/index.php?rest_route=\/wp\/v2\/posts\/12867\/revisions\/12869"}],"wp:featuredmedia":[{"embeddable":true,"href":"https:\/\/partediario.com.ar\/index.php?rest_route=\/wp\/v2\/media\/12868"}],"wp:attachment":[{"href":"https:\/\/partediario.com.ar\/index.php?rest_route=%2Fwp%2Fv2%2Fmedia&parent=12867"}],"wp:term":[{"taxonomy":"category","embeddable":true,"href":"https:\/\/partediario.com.ar\/index.php?rest_route=%2Fwp%2Fv2%2Fcategories&post=12867"},{"taxonomy":"post_tag","embeddable":true,"href":"https:\/\/partediario.com.ar\/index.php?rest_route=%2Fwp%2Fv2%2Ftags&post=12867"}],"curies":[{"name":"wp","href":"https:\/\/api.w.org\/{rel}","templated":true}]}}