{"id":12870,"date":"2025-05-13T16:31:45","date_gmt":"2025-05-13T19:31:45","guid":{"rendered":"https:\/\/partediario.com.ar\/?p=12870"},"modified":"2025-05-15T09:44:22","modified_gmt":"2025-05-15T12:44:22","slug":"jose-pepe-mujica-el-expresidente-de-uruguay-murio-a-los-89-anos","status":"publish","type":"post","link":"https:\/\/partediario.com.ar\/?p=12870","title":{"rendered":"Jos\u00e9 \u201cPepe\u201d Mujica: el expresidente de Uruguay muri\u00f3 a los 89 a\u00f1os"},"content":{"rendered":"\n<h2 class=\"wp-block-heading\">Jos\u00e9 Alberto Mujica, conocido como \u201cPepe\u201d, falleci\u00f3 este martes a los 89 a\u00f1os. As\u00ed lo inform\u00f3 el presidente Yamand\u00fa Orsi en sus redes sociales: \u00abCon profundo dolor comunicamos que falleci\u00f3 nuestro compa\u00f1ero Pepe Mujica. Presidente, militante, referente y conductor. Te vamos a extra\u00f1ar mucho Viejo querido. Gracias por todo lo que nos diste y por tu profundo amor por tu pueblo\u00bb.<\/h2>\n\n\n\n<p>El 29 de abril de 2024 el mismo Mujica hab\u00eda anunciado que padec\u00eda un tumor en el es\u00f3fago. Se someti\u00f3 a un proceso de radioterapia y posteriormente a una gastrostom\u00eda con una sonda g\u00e1strica para alimentarse. A fin de a\u00f1o se realiz\u00f3 otro tratamiento para colocarse un stent en el es\u00f3fago para mejorar la ingesta. Semanas despu\u00e9s los m\u00e9dicos le informaron que el c\u00e1ncer se hab\u00eda expandido y anunci\u00f3 que no se someter\u00eda a m\u00e1s tratamientos. En los \u00faltimos d\u00edas su salud hab\u00eda empeorado notablemente.<\/p>\n\n\n\n<p>El exmandatario naci\u00f3 el 20 de mayo de 1935 y fue electo presidente de Uruguay en 2009 para el per\u00edodo 2010-2015. Adem\u00e1s fue diputado y senador, y l\u00edder del Movimiento de Participaci\u00f3n Popular (MPP), lista que desde el 2004 es la m\u00e1s votada en cada elecci\u00f3n nacional.<\/p>\n\n\n\n<p>Mujica renunci\u00f3 al Senado y se retir\u00f3 de la pol\u00edtica en octubre de 2020. No obstante sigui\u00f3 presente en el Frente Amplio y lider\u00f3 la campa\u00f1a pol\u00edtica acompa\u00f1ando a Yamand\u00fa Orsi, candidato presidenciable por el Frente Amplio para las elecciones 2024, quien result\u00f3 electo presidente y asumi\u00f3 el 1\u00ba de marzo de 2025.<\/p>\n\n\n\n<p class=\"has-medium-font-size\"><strong>Quien era Jos\u00e9 Mujica<\/strong><\/p>\n\n\n\n<p>Mujica, un exguerrillero que integr\u00f3 el Movimiento de Liberaci\u00f3n Nacional \u2013 Tupamaros (MLN-T), cay\u00f3 preso por primera vez en 1964, en un asalto frustrado a la empresa textil Sudamtex en Montevideo y pas\u00f3 a la clandestinidad en 1969. El 8 de octubre de ese a\u00f1o particip\u00f3 de la toma de la ciudad de Pando, despu\u00e9s se enfrent\u00f3 a la Polic\u00eda a balazos, fue herido gravemente, supo huir por las cloacas de Montevideo, se fug\u00f3 dos veces de la c\u00e1rcel de Punta Carretas y estuvo preso 13 a\u00f1os en condiciones infrahumanas. El 15 de marzo de 1985, tras la restauraci\u00f3n democr\u00e1tica, Jos\u00e9 Mujica fue liberado.<\/p>\n\n\n\n<p>El 20 de mayo de 1989 el Frente Amplio aprob\u00f3 el ingreso del MLN y el 25 de junio de ese a\u00f1o se realiz\u00f3 la elecci\u00f3n de la direcci\u00f3n del MPP. Nac\u00eda as\u00ed el movimiento pol\u00edtico m\u00e1s importante, en t\u00e9rminos electorales, del siglo XXI en Uruguay, liderado por Mujica.<\/p>\n\n\n\n<p>Reflexiones de Jos\u00e9 Mujica antes de votar: \u00abAc\u00e1 est\u00e1 el infierno y el para\u00edso, hay que encontrarlo\u00bb.<\/p>\n\n\n\n<p class=\"has-medium-font-size\"><strong>Pepe Mujica como presidente<\/strong><\/p>\n\n\n\n<p>Algunas de las leyes aprobadas durante su mandato, como la regulaci\u00f3n del aborto, la marihuana o el matrimonio igualitario, sumado a la particular imagen de Mujica, lo llevaron a ser uno de los presidentes m\u00e1s conocidos de Latinoam\u00e9rica e, incluso, comparado con un \u201crockstar\u201d.<\/p>\n\n\n\n<p>Su gobierno estuvo marcado adem\u00e1s por el cierre de Pluna, por el que el exministro de econom\u00eda Fernando Lorenzo y el expresidente del Banco Rep\u00fablica del Uruguay (BROU) Fernando Calloia fueron condenados luego de participar, en octubre de 2012 \u2014tres meses despu\u00e9s de que se anunciara que la compa\u00f1\u00eda dejaba de volar\u2014 del remate de siete aviones para el que se hab\u00eda entregado un aval bancario irregular.<\/p>\n\n\n\n<p>Mujica cerr\u00f3 su gobierno un 51% de aprobaci\u00f3n de su gesti\u00f3n, seg\u00fan Equipos Consultores, y con 63%, seg\u00fan Opci\u00f3n Consultores. Fuera de Uruguay, en tanto, Pepe se convirti\u00f3 en un s\u00edmbolo de paz a nivel regional e incluso mundial por su militancia por la democracia tras su pasado guerrillero y tambi\u00e9n por su cooperaci\u00f3n para encontrar una salida pac\u00edfica al conflicto con la guerrilla en Colombia. Su nombre, de hecho, se consider\u00f3 en varias oportunidades como candidato a recibir el Premio Nobel de la Paz.<\/p>\n","protected":false},"excerpt":{"rendered":"<p>Jos&eacute; Alberto Mujica, conocido como &ldquo;Pepe&rdquo;, falleci&oacute; este martes a los 89 a&ntilde;os. As&iacute; lo inform&oacute; el presidente Yamand&uacute; Orsi en sus redes sociales: &laquo;Con profundo dolor comunicamos que falleci&oacute; nuestro compa&ntilde;ero Pepe Mujica. Presidente, militante, referente y conductor. Te vamos a extra&ntilde;ar mucho Viejo querido. Gracias por todo lo que nos diste y por [&hellip;]<\/p>\n","protected":false},"author":2,"featured_media":12871,"comment_status":"open","ping_status":"open","sticky":false,"template":"","format":"standard","meta":{"footnotes":""},"categories":[9,176],"tags":[5957,561,1044],"class_list":["post-12870","post","type-post","status-publish","format-standard","has-post-thumbnail","hentry","category-internacionales","category-politica","tag-jose-pepe-mujica","tag-murio","tag-uruguay"],"_links":{"self":[{"href":"https:\/\/partediario.com.ar\/index.php?rest_route=\/wp\/v2\/posts\/12870","targetHints":{"allow":["GET"]}}],"collection":[{"href":"https:\/\/partediario.com.ar\/index.php?rest_route=\/wp\/v2\/posts"}],"about":[{"href":"https:\/\/partediario.com.ar\/index.php?rest_route=\/wp\/v2\/types\/post"}],"author":[{"embeddable":true,"href":"https:\/\/partediario.com.ar\/index.php?rest_route=\/wp\/v2\/users\/2"}],"replies":[{"embeddable":true,"href":"https:\/\/partediario.com.ar\/index.php?rest_route=%2Fwp%2Fv2%2Fcomments&post=12870"}],"version-history":[{"count":2,"href":"https:\/\/partediario.com.ar\/index.php?rest_route=\/wp\/v2\/posts\/12870\/revisions"}],"predecessor-version":[{"id":12873,"href":"https:\/\/partediario.com.ar\/index.php?rest_route=\/wp\/v2\/posts\/12870\/revisions\/12873"}],"wp:featuredmedia":[{"embeddable":true,"href":"https:\/\/partediario.com.ar\/index.php?rest_route=\/wp\/v2\/media\/12871"}],"wp:attachment":[{"href":"https:\/\/partediario.com.ar\/index.php?rest_route=%2Fwp%2Fv2%2Fmedia&parent=12870"}],"wp:term":[{"taxonomy":"category","embeddable":true,"href":"https:\/\/partediario.com.ar\/index.php?rest_route=%2Fwp%2Fv2%2Fcategories&post=12870"},{"taxonomy":"post_tag","embeddable":true,"href":"https:\/\/partediario.com.ar\/index.php?rest_route=%2Fwp%2Fv2%2Ftags&post=12870"}],"curies":[{"name":"wp","href":"https:\/\/api.w.org\/{rel}","templated":true}]}}