{"id":12883,"date":"2025-05-15T08:28:08","date_gmt":"2025-05-15T11:28:08","guid":{"rendered":"https:\/\/partediario.com.ar\/?p=12883"},"modified":"2025-05-16T14:43:32","modified_gmt":"2025-05-16T17:43:32","slug":"los-extranjeros-van-a-tener-que-pagar-como-en-otros-paises-senalo-patricia-bullrich","status":"publish","type":"post","link":"https:\/\/partediario.com.ar\/?p=12883","title":{"rendered":"\u00abLos extranjeros van a tener que pagar como en otros pa\u00edses\u00bb, se\u00f1al\u00f3 Patricia Bullrich"},"content":{"rendered":"\n<h2 class=\"wp-block-heading\">La ministra de Seguridad, patricia Bullrich, destac\u00f3 hoy que a partir de los cambios en el sistema de migraciones los extranjeros \u00abvan a tener que pagar como en otros pa\u00edses\u00bb, al asegurar que \u00ablas deportaciones se hicieron imposibles\u00bb.<\/h2>\n\n\n\n<p>\u00abLas deportaciones se hicieron imposibles, hay extranjeros que vienen, se operan, y se van\u00bb, precis\u00f3 Bullrich.<\/p>\n\n\n\n<p>Y aclar\u00f3 que los extranjeros \u00abvan a tener que pagar como en otros pa\u00edses\u00bb, asegur\u00f3 en declaraciones radiales.<\/p>\n\n\n\n<p>El Gobierno anunci\u00f3 el endurecimiento en la pol\u00edtica migratoria al aplicar diversas modificaciones en los requisitos necesarios para solicitar la residencia permanente y la ciudadan\u00eda, y arancelar los servicios de salud y educaci\u00f3n para extranjeros.<\/p>\n\n\n\n<p>El vocero presidencial, Manuel Adorni, especific\u00f3 que cualquier inmigrante con condena ser\u00e1 expulsado del pa\u00eds y que correr\u00e1 el mismo destino aquel que mienta en la informaci\u00f3n para el ingreso, entre otras disposiciones.<\/p>\n","protected":false},"excerpt":{"rendered":"<p>La ministra de Seguridad, patricia Bullrich, destac&oacute; hoy que a partir de los cambios en el sistema de migraciones los extranjeros &laquo;van a tener que pagar como en otros pa&iacute;ses&raquo;, al asegurar que &laquo;las deportaciones se hicieron imposibles&raquo;. &laquo;Las deportaciones se hicieron imposibles, hay extranjeros que vienen, se operan, y se van&raquo;, precis&oacute; Bullrich. Y [&hellip;]<\/p>\n","protected":false},"author":2,"featured_media":12884,"comment_status":"open","ping_status":"open","sticky":false,"template":"","format":"standard","meta":{"footnotes":""},"categories":[5,176],"tags":[3365,5959,510],"class_list":["post-12883","post","type-post","status-publish","format-standard","has-post-thumbnail","hentry","category-nacionales","category-politica","tag-extranjeros","tag-migraciones","tag-patricia-bullrich"],"_links":{"self":[{"href":"https:\/\/partediario.com.ar\/index.php?rest_route=\/wp\/v2\/posts\/12883","targetHints":{"allow":["GET"]}}],"collection":[{"href":"https:\/\/partediario.com.ar\/index.php?rest_route=\/wp\/v2\/posts"}],"about":[{"href":"https:\/\/partediario.com.ar\/index.php?rest_route=\/wp\/v2\/types\/post"}],"author":[{"embeddable":true,"href":"https:\/\/partediario.com.ar\/index.php?rest_route=\/wp\/v2\/users\/2"}],"replies":[{"embeddable":true,"href":"https:\/\/partediario.com.ar\/index.php?rest_route=%2Fwp%2Fv2%2Fcomments&post=12883"}],"version-history":[{"count":1,"href":"https:\/\/partediario.com.ar\/index.php?rest_route=\/wp\/v2\/posts\/12883\/revisions"}],"predecessor-version":[{"id":12885,"href":"https:\/\/partediario.com.ar\/index.php?rest_route=\/wp\/v2\/posts\/12883\/revisions\/12885"}],"wp:featuredmedia":[{"embeddable":true,"href":"https:\/\/partediario.com.ar\/index.php?rest_route=\/wp\/v2\/media\/12884"}],"wp:attachment":[{"href":"https:\/\/partediario.com.ar\/index.php?rest_route=%2Fwp%2Fv2%2Fmedia&parent=12883"}],"wp:term":[{"taxonomy":"category","embeddable":true,"href":"https:\/\/partediario.com.ar\/index.php?rest_route=%2Fwp%2Fv2%2Fcategories&post=12883"},{"taxonomy":"post_tag","embeddable":true,"href":"https:\/\/partediario.com.ar\/index.php?rest_route=%2Fwp%2Fv2%2Ftags&post=12883"}],"curies":[{"name":"wp","href":"https:\/\/api.w.org\/{rel}","templated":true}]}}