{"id":12889,"date":"2025-05-15T09:25:02","date_gmt":"2025-05-15T12:25:02","guid":{"rendered":"https:\/\/partediario.com.ar\/?p=12889"},"modified":"2025-05-16T14:43:25","modified_gmt":"2025-05-16T17:43:25","slug":"los-del-pro-son-fracasados-que-pelean-el-cuarto-lugar-expreso-milei-y-definio-a-santoro-como-sanvaca","status":"publish","type":"post","link":"https:\/\/partediario.com.ar\/?p=12889","title":{"rendered":"Los del PRO son \u00abfracasados que pelean el cuarto lugar\u00bb, expres\u00f3 Milei y defini\u00f3 a Santoro como \u00abSanvaca\u00bb"},"content":{"rendered":"\n<h2 class=\"wp-block-heading\">El presidente Javier Milei expresa\u00f3 que el PRO est\u00e1 compuesto por \u00abfracasados que est\u00e1n peleando el cuarto lugar\u00bb en las elecciones porte\u00f1as y defini\u00f3 al postulante del peronismo Leandro Santoro como \u00abSanvaca\u00bb, porque, se\u00f1al\u00f3, \u00absiempre vivi\u00f3 de la teta del Estado\u00bb.<\/h2>\n\n\n\n<p>\u00abTenemos que elegir si queremos seguir abraz\u00e1ndonos al cambio de la libertad y prosperidad o al pasado, el modelo del partido del Estado que hizo ricos a los pol\u00edticos\u00bb, apunt\u00f3 Milei en el cierre de campa\u00f1a del candidato a legislador porte\u00f1o Manuel Adorni.<\/p>\n\n\n\n<p>El presidente Javier Milei se\u00f1al\u00f3 anoche que \u00abel verdadero ajuste es cuando se expande el Estado\u00bb y que \u00abcuando uno ahoga al Estado, ese es devolverle el dinero a los argentinos de bien que se lo ganan laburando\u00bb.<\/p>\n\n\n\n<p>\u00abMe causa gracia cuando los dos representantes del partido del Estado dicen que no quieren ajustar y desprecian la motosierra, porque lo que quieren es que el ajuste caiga sobre ellos\u00bb, destac\u00f3 haciendo referencia al PRO y el peronismo.<\/p>\n\n\n\n<p>El presidente Javier Milei carg\u00f3 adem\u00e1s contra el PRO, al que calific\u00f3 como \u00abla mierda del partido del Estado\u00bb.<\/p>\n\n\n\n<p>De este modo se expres\u00f3 el mandatario ante las \u00abalmas libres que no se dejaron doblegar\u00bb, al encabezar el cierre del candidato a legislador prote\u00f1o de La Libertad Avanza (LLA) Manuel Adorni en el barrio de Recoleta.<\/p>\n\n\n\n<p>El presidente Javier Milei indic\u00f3 que el PRO est\u00e1 compuesto por \u00abfracasados que est\u00e1n peleando el cuarto lugar\u00bb en las elecciones porte\u00f1as y defini\u00f3 al postulante del peronismo Leandro Santoro como \u00abSanvaca\u00bb, porque, dijo, \u00absiempre vivi\u00f3 de la teta del Estado\u00bb.<\/p>\n\n\n\n<p>\u00abTenemos que elegir si queremos seguir abraz\u00e1ndonos al cambio de la libertad y prosperidad o al pasado, el modelo del partido del Estado que hizo ricos a los pol\u00edticos\u00bb, dispar\u00f3 Milei en el cierre de campa\u00f1a del candidato a legislador porte\u00f1o de La Libertad Avanza (LLA) Manuel Adorni, de cara a la votaci\u00f3n del domingo.<\/p>\n\n\n\n<p>En su mensaje, Milei carg\u00f3 contra el PRO, al que calific\u00f3 como \u00abla mierda del partido del Estado\u00bb, y subray\u00f3 a los asistentes por ser, dijo, \u00abalmas libres que no se dejaron doblegar\u00bb.<\/p>\n\n\n\n<p>Para Milei, los del PRO son \u00abfracasados que est\u00e1n peleando el cuarto lugar\u00bb y defini\u00f3 a Santoro como \u00abSanvaca\u00bb porque \u00absiempre vivi\u00f3 de la teta del Estado\u00bb.<\/p>\n\n\n\n<p>Tambi\u00e9n critic\u00f3 las votaciones de Santoro en la C\u00e1mara de Diputados de la naci\u00f3n haciendo un repaso de varias de ellas y sobre el postulante cercano al kirchnerismo record\u00f3 que \u00abllamaba a la censura desde los medios contra los libertarios\u00bb.<\/p>\n\n\n\n<p>Milei clausur\u00f3 el acto en el Parque Mitre del barrio de Recoleta, hasta donde llegaron, adem\u00e1s de Adorni, la secretaria general de la Presidencia, Karina Milei, y gran parte del gabinete, como tambi\u00e9n organizaciones militantes como Las Fuerzas del Cielo, que conduce Daniel Parisini, m\u00e1s conocido como \u00abGordo Dan\u00bb.<\/p>\n\n\n\n<p>El mandatario agreg\u00f1o que \u00abel verdadero ajuste es cuando se expande el Estado\u00bb y que \u00abcuando una ahoga al Estado, ese es devolverle el dinero a los argentinos de bien que se lo ganan laburando\u00bb.<\/p>\n\n\n\n<p>\u00abMe causa gracia cuando los dos representantes del partido del Estado dicen que no quieren ajustar y desprecian la motosierra, porque lo que no quieren es que el ajuste caiga sobre ellos\u00bb, se\u00f1al\u00f3 en referencia al PRO y el peronismo.<\/p>\n\n\n\n<p>Y reafirm\u00f3: \u00abNinguno quiere tocar el tama\u00f1o del Estado y nosotros no lo vamos a permitir\u00bb.<\/p>\n\n\n\n<p>Destac\u00f3 tambi\u00e9n que su gesti\u00f3n fue la que puso fin a los constantes piquetes en la Ciudad: \u00abNos quieren robar este logro y cuando gobernaron la Naci\u00f3n, la Ciudad y la provincia nada hicieron con esto\u00bb, dispar\u00f3 contra el PRO.<\/p>\n\n\n\n<p>Antes de que Milei ingresara abri\u00e9ndose paso entre la multitud con \u00abPanic Show\u00bb de La Renga sonando de fondo, Adorni dio su discurso en el que sostuvo que \u00abmuchos est\u00e1n nerviosos porque si seguimos avanzando no vuelven nunca m\u00e1s\u00bb.<\/p>\n\n\n\n<p>\u00abEl modelo de Milei tiene que llegar a la Ciudad, como en cada rinc\u00f3n del pa\u00eds\u00bb, expres\u00f3 el vocero presidencial, mientras que solicit\u00f3 a la ciudadan\u00eda que \u00abvayan a votar para sepultar de una vez al kirchnerismo\u00bb.<\/p>\n\n\n\n<p>Y mientras la militancia libertaria cantaba \u00abLa casta tiene miedo\u00bb, Adorni acot\u00f3: \u00abNos definieron como fen\u00f3meno barrial y terminamos siendo fen\u00f3meno mundial. Los que dec\u00edan que nos ca\u00edamos en marzo o abril van a tener que seguir comiendo pochoclo porque estamos m\u00e1s fuertes que nunca\u00bb.<\/p>\n\n\n\n<p>En el cierre de su discurso y antes de dar paso a Milei, el vocero hizo subir al escenario a todo los ministros del Gabinete nacional.<\/p>\n\n\n\n<p>Antes de Adorni dio unas palabras Karina Milei, presidenta de La Libertad Avanza, quien subray\u00f3 que el partido violeta \u00abest\u00e1 llevando las ideas de la libertad a cada rinc\u00f3n del pa\u00eds\u00bb.<\/p>\n\n\n\n<p>\u00abEsto es para los que cre\u00edan que Argentina no iba a poder ser libre; me emociona ver la cantidad de gente que nos sigue. Estoy totalmente orgullosa de Argentina\u00bb, manifest\u00f3 la hermana de Milei.<\/p>\n\n\n\n<p>Y finaliz\u00f3: \u00abEste domingo tenemos que apoyar a Manuel Adorni que es la voz del Presidente en la Ciudad para que sigan las ideas de la libertad\u00bb.<\/p>\n\n\n\n<p>El escritor Diego Recalde oficio de maestro de ceremonias en el inicio del acto, mientras que la militancia libertaria le puso color, haciendo sonar bombos y redoblantes y prendiendo bengalas con humo violeta.<\/p>\n\n\n\n<p>Por su parte, se la vio a la diputada Lilia Lemoine siguiendo el discurso de Milei entre el p\u00fablico, vestida con un mameluco de YPF, como los que usa el Presidente para trabajar en la residencia de Olivos, y sac\u00e1ndose selfies con todo aquel que se lo ped\u00eda.<\/p>\n","protected":false},"excerpt":{"rendered":"<p>El presidente Javier Milei expresa&oacute; que el PRO est&aacute; compuesto por &laquo;fracasados que est&aacute;n peleando el cuarto lugar&raquo; en las elecciones porte&ntilde;as y defini&oacute; al postulante del peronismo Leandro Santoro como &laquo;Sanvaca&raquo;, porque, se&ntilde;al&oacute;, &laquo;siempre vivi&oacute; de la teta del Estado&raquo;. &laquo;Tenemos que elegir si queremos seguir abraz&aacute;ndonos al cambio de la libertad y prosperidad [&hellip;]<\/p>\n","protected":false},"author":2,"featured_media":12890,"comment_status":"open","ping_status":"open","sticky":false,"template":"","format":"standard","meta":{"footnotes":""},"categories":[5,176],"tags":[5961,232,1113,266,646,2062],"class_list":["post-12889","post","type-post","status-publish","format-standard","has-post-thumbnail","hentry","category-nacionales","category-politica","tag-fracasados","tag-javier-milei","tag-leandro-santoro","tag-libertad-avanza","tag-manuel-adorni","tag-pro"],"_links":{"self":[{"href":"https:\/\/partediario.com.ar\/index.php?rest_route=\/wp\/v2\/posts\/12889","targetHints":{"allow":["GET"]}}],"collection":[{"href":"https:\/\/partediario.com.ar\/index.php?rest_route=\/wp\/v2\/posts"}],"about":[{"href":"https:\/\/partediario.com.ar\/index.php?rest_route=\/wp\/v2\/types\/post"}],"author":[{"embeddable":true,"href":"https:\/\/partediario.com.ar\/index.php?rest_route=\/wp\/v2\/users\/2"}],"replies":[{"embeddable":true,"href":"https:\/\/partediario.com.ar\/index.php?rest_route=%2Fwp%2Fv2%2Fcomments&post=12889"}],"version-history":[{"count":2,"href":"https:\/\/partediario.com.ar\/index.php?rest_route=\/wp\/v2\/posts\/12889\/revisions"}],"predecessor-version":[{"id":12892,"href":"https:\/\/partediario.com.ar\/index.php?rest_route=\/wp\/v2\/posts\/12889\/revisions\/12892"}],"wp:featuredmedia":[{"embeddable":true,"href":"https:\/\/partediario.com.ar\/index.php?rest_route=\/wp\/v2\/media\/12890"}],"wp:attachment":[{"href":"https:\/\/partediario.com.ar\/index.php?rest_route=%2Fwp%2Fv2%2Fmedia&parent=12889"}],"wp:term":[{"taxonomy":"category","embeddable":true,"href":"https:\/\/partediario.com.ar\/index.php?rest_route=%2Fwp%2Fv2%2Fcategories&post=12889"},{"taxonomy":"post_tag","embeddable":true,"href":"https:\/\/partediario.com.ar\/index.php?rest_route=%2Fwp%2Fv2%2Ftags&post=12889"}],"curies":[{"name":"wp","href":"https:\/\/api.w.org\/{rel}","templated":true}]}}