{"id":12900,"date":"2025-05-16T12:08:30","date_gmt":"2025-05-16T15:08:30","guid":{"rendered":"https:\/\/partediario.com.ar\/?p=12900"},"modified":"2025-05-16T14:43:15","modified_gmt":"2025-05-16T17:43:15","slug":"tras-el-fallecimiento-de-jose-mujica-no-puedo-mas-que-destacar-su-personalidad-y-trayectoriaexpreso-francos","status":"publish","type":"post","link":"https:\/\/partediario.com.ar\/?p=12900","title":{"rendered":"Tras el fallecimiento de Jos\u00e9 Mujica: \u00abNo puedo m\u00e1s que destacar su personalidad y trayectoria\u00bb,expres\u00f3 Francos"},"content":{"rendered":"\n<h2 class=\"wp-block-heading\">El jefe de Gabinete, Guillermo Francos, elogi\u00f3 al expresidente de Uruguay Jos\u00e9 \u201cPepe\u201d Mujica luego de su reciente fallecimiento, a pesar de las diferencias ideol\u00f3gicas, lo defini\u00f3 como \u201cun hombre honesto\u00bb al que le ponder\u00f3 su personalidad y trayectoria.<\/h2>\n\n\n\n<p>\u201cEl Presidente Mujica fue un dirigente muy importante de Uruguay, m\u00e1s all\u00e1 de las ideas que no compartimos. Un hombre honesto, que sufri\u00f3 persecuci\u00f3n que luego de mucho tiempo lleg\u00f3 a ser presidente de la rep\u00fablica. Tiene una trayectoria, una personalidad y una vida muy reconocida\u201d, manifest\u00f3 el funcionario en declaraciones radiales.<\/p>\n\n\n\n<p>Y afirm\u00f3: \u201cVa m\u00e1s all\u00e1 de lo ideol\u00f3gico. Me ha tocado escucharlo, con ese tono tan campechano, y a mi me caus\u00f3 siempre una buena impresi\u00f3n. Nunca fue una persona agresiva\u201d.<\/p>\n\n\n\n<p>Luego del desafortunado tuit que public\u00f3 el influencer Daniel Parisini, mejor conocido como \u201cEl Gordo Dan\u201d, quien festej\u00f3 la muerte del exmandatario uruguayo, Francos tom\u00f3 distancia y destac\u00f3: \u201cLas ideas se pueden discutir, pero cuando estuvo al frente de Uruguay no se not\u00f3 su tema ideol\u00f3gico. Siempre he visto una cordialidad entre los presidentes de los distintos signos\u201d.<\/p>\n\n\n\n<p>\u201cNo tengo m\u00e1s que palabras de reconocimiento al Presidente que era querido y respetado. Uno puede tener diferencias, pero eso no significa da\u00f1ar una relaci\u00f3n c\u00edvica para el pa\u00eds\u201d, agreg\u00f3, y complet\u00f3: \u201cNo puedo m\u00e1s que destacar la personalidad y la trayectoria que ha tenido Mujica\u201d.<\/p>\n\n\n\n<p>En otro momento de la entrevista con el periodista Antonio Llorente, Francos revel\u00f3 que los anuncios econ\u00f3micos destinados a instar a la gente a sacar los d\u00f3lares del colch\u00f3n se dilataron ya que a\u00fan \u201cse est\u00e1 trabajando en su encuadre jur\u00eddico\u201d.<\/p>\n\n\n\n<p>\u201cLa idea es incentivar el uso de los d\u00f3lares que est\u00e1n fuera de la econom\u00eda, y requiere encuadrarlo jur\u00eddicamente desde muchos aspectos. Todav\u00eda no est\u00e1 listo, est\u00e1n trabajando en eso\u201d, mencion\u00f3, y acot\u00f3: \u201cHay normas internacionales, la Argentina est\u00e1 adherida al GAFI (Grupo de Acci\u00f3n Financiera Internacional) y cumplimos con todas las normas. Estos teman deben poder explicarse bien para poder llevar a la pr\u00e1ctica\u201d<\/p>\n\n\n\n<p>Adem\u00e1s, celebr\u00f3 la baja arancelaria en las importaciones de celulares, televisores y computadoras al tiempo que plante\u00f3 que \u201cse exageran las cosas\u201d ante la reacci\u00f3n del gobernador de Tierra del Fuego, Gustavo Melella, quien se opuso a la medida por el impacto en el r\u00e9gimen especial que tiene la provincia.<\/p>\n\n\n\n<p>\u201cTodo lo que se produce en Tierra del Fuego tiene una enorme protecci\u00f3n e ingresa al continente con un costo muy alto, productos que afuera han ido a la baja\u201d, mencion\u00f3, y a\u00f1adi\u00f3: \u201cLo que se pretende es generar una mayor competitividad para los argentinos. Tierra del Fuego tendr\u00e1 que ir acomod\u00e1ndose y competir m\u00e1s porque sigue teniendo protecci\u00f3n\u201d.<\/p>\n\n\n\n<p>Y asever\u00f3: \u201cSon temas de econom\u00eda. Antes se dec\u00eda que el r\u00e9gimen de Tierra del Fuego estaba protegido porque hab\u00eda un familiar de (Mauricio) Macri, ahora se quita por lo mismo. Nada que ver, la Argentina va desarrollando sus pol\u00edticas econ\u00f3micas de acuerdo a los tiempos y momentos que se pueden aplicar\u201d.<\/p>\n\n\n\n<p>Para Francos, el pa\u00eds vive \u201cun sistema de apertura para generar un reacomodamiento de los precios internos que en muchos sectores estaban muy altos\u201d, por lo que expuso que los reg\u00edmenes especiales perjudicar\u00e1n la libre competitividad y, por ende, la reducci\u00f3n de precios.<\/p>\n\n\n\n<p>\u201cEs hora de que empiecen a competir un poco m\u00e1s. Lleva mucho tiempo este r\u00e9gimen, deber\u00eda tener condiciones de competitividad mayor. Lo que hacen es armar productos que vienen desarmados del exterior para meterlos al territorio con una cantidad de beneficios impositivos muy grandes\u00bb, expres\u00f3 el funcionario, y se\u00f1al\u00f3: \u00abEso ha permitido que en la isla haya puestos de trabajo, ahora tendr\u00e1n que ir con van a ir reduciendo esos valores para ser m\u00e1s competitivo\u201d.<\/p>\n\n\n\n<p>Finalizando, Francos adelant\u00f3 que la idea de la administraci\u00f3n libertaria es trabajar en cambios de r\u00e9gimen como la redacci\u00f3n de una nueva legislaci\u00f3n de trabajo y una reforma tributaria una vez pasadas las elecciones nacionales del 26 octubre.<\/p>\n\n\n\n<p>\u201cSon temas que van a tener impacto en los precios, a crecer la econom\u00eda y va a generar competencia en el mercado laboral\u201d, indic\u00f3, y finaliz\u00f3 diciendo que: \u201cPara poder hacer esos cambios lo que hay que hacer es bajar los gastos, achicar el tama\u00f1o del Estado que permita mantener el equilibrio fiscal para que no exista inflaci\u00f3n. Este gobierno lo viene haciendo tratando las urgencias\u201d.<\/p>\n","protected":false},"excerpt":{"rendered":"<p>El jefe de Gabinete, Guillermo Francos, elogi&oacute; al expresidente de Uruguay Jos&eacute; &ldquo;Pepe&rdquo; Mujica luego de su reciente fallecimiento, a pesar de las diferencias ideol&oacute;gicas, lo defini&oacute; como &ldquo;un hombre honesto&raquo; al que le ponder&oacute; su personalidad y trayectoria. &ldquo;El Presidente Mujica fue un dirigente muy importante de Uruguay, m&aacute;s all&aacute; de las ideas que [&hellip;]<\/p>\n","protected":false},"author":2,"featured_media":12796,"comment_status":"open","ping_status":"open","sticky":false,"template":"","format":"standard","meta":{"footnotes":""},"categories":[5,176],"tags":[5969,5966,5968,329,2856,5967,1044],"class_list":["post-12900","post","type-post","status-publish","format-standard","has-post-thumbnail","hentry","category-nacionales","category-politica","tag-dan","tag-destaco","tag-gordo","tag-guillermo-francos","tag-jose-mujica","tag-personalidad","tag-uruguay"],"_links":{"self":[{"href":"https:\/\/partediario.com.ar\/index.php?rest_route=\/wp\/v2\/posts\/12900","targetHints":{"allow":["GET"]}}],"collection":[{"href":"https:\/\/partediario.com.ar\/index.php?rest_route=\/wp\/v2\/posts"}],"about":[{"href":"https:\/\/partediario.com.ar\/index.php?rest_route=\/wp\/v2\/types\/post"}],"author":[{"embeddable":true,"href":"https:\/\/partediario.com.ar\/index.php?rest_route=\/wp\/v2\/users\/2"}],"replies":[{"embeddable":true,"href":"https:\/\/partediario.com.ar\/index.php?rest_route=%2Fwp%2Fv2%2Fcomments&post=12900"}],"version-history":[{"count":1,"href":"https:\/\/partediario.com.ar\/index.php?rest_route=\/wp\/v2\/posts\/12900\/revisions"}],"predecessor-version":[{"id":12901,"href":"https:\/\/partediario.com.ar\/index.php?rest_route=\/wp\/v2\/posts\/12900\/revisions\/12901"}],"wp:featuredmedia":[{"embeddable":true,"href":"https:\/\/partediario.com.ar\/index.php?rest_route=\/wp\/v2\/media\/12796"}],"wp:attachment":[{"href":"https:\/\/partediario.com.ar\/index.php?rest_route=%2Fwp%2Fv2%2Fmedia&parent=12900"}],"wp:term":[{"taxonomy":"category","embeddable":true,"href":"https:\/\/partediario.com.ar\/index.php?rest_route=%2Fwp%2Fv2%2Fcategories&post=12900"},{"taxonomy":"post_tag","embeddable":true,"href":"https:\/\/partediario.com.ar\/index.php?rest_route=%2Fwp%2Fv2%2Ftags&post=12900"}],"curies":[{"name":"wp","href":"https:\/\/api.w.org\/{rel}","templated":true}]}}