{"id":12902,"date":"2025-05-16T14:26:04","date_gmt":"2025-05-16T17:26:04","guid":{"rendered":"https:\/\/partediario.com.ar\/?p=12902"},"modified":"2025-05-17T19:24:35","modified_gmt":"2025-05-17T22:24:35","slug":"la-motosierra-de-milei-recorto-todos-y-cada-uno-de-los-derechos-de-los-estatales-segun-aguiar","status":"publish","type":"post","link":"https:\/\/partediario.com.ar\/?p=12902","title":{"rendered":"La motosierra de Milei recort\u00f3 \u00abtodos y cada uno de los derechos de los estatales\u00bb. seg\u00fan Aguiar"},"content":{"rendered":"\n<h2 class=\"wp-block-heading\">El secretario general de ATE, Rodolfo Aguiar, critic\u00f3 hoy el ajuste del gobierno de Javier Milei y asegur\u00f3 que vino a recortar \u00abtodos y cada uno de los derechos de los estatales\u00bb.<\/h2>\n\n\n\n<p>\u00abLa sociedad no tolera m\u00e1s las cesant\u00edas ilegales en el Estado. El pueblo tom\u00f3 conciencia\u00bb, destac\u00f3 Aguiar a trav\u00e9s de sus redes sociales.<\/p>\n\n\n\n<p>El referente gremial referenci\u00f3 dse este modo, la resoluci\u00f3n publicada por el Ministerio de Desregulaci\u00f3n y Trabajo que precisa que el Estado solamente contratar\u00e1 al personal que hubiera aprobado la Evaluaci\u00f3n General de Conocimientos y Competencias.<\/p>\n\n\n\n<p>\u00abEsta es otra decisi\u00f3n ilegal que en la Justicia vamos a cuestionar. El Sistema de Evaluaci\u00f3n P\u00fablica no s\u00f3lo fue rechazado e impugnado, sino que adem\u00e1s el 98% de los estatales aprob\u00f3 la evaluaci\u00f3n. La idoneidad ya estaba probada con los a\u00f1os de servicio\u00bb, agreg\u00f3 el gremialista a trav\u00e9s de un comunicado.<\/p>\n\n\n\n<p>Y remarc\u00f3 que el Gobierno quiere utilizar los ex\u00e1menes \u00abpara seguir despidiendo el \u00ednfimo universo de trabajadores que desaprob\u00f3\u00bb.<\/p>\n\n\n\n<p>\u00abEra responsabilidad de ustedes capacitarlos, responsabilidad que el sindicato supli\u00f3\u00bb, reafirm\u00f3.<\/p>\n","protected":false},"excerpt":{"rendered":"<p>El secretario general de ATE, Rodolfo Aguiar, critic&oacute; hoy el ajuste del gobierno de Javier Milei y asegur&oacute; que vino a recortar &laquo;todos y cada uno de los derechos de los estatales&raquo;. &laquo;La sociedad no tolera m&aacute;s las cesant&iacute;as ilegales en el Estado. El pueblo tom&oacute; conciencia&raquo;, destac&oacute; Aguiar a trav&eacute;s de sus redes sociales. [&hellip;]<\/p>\n","protected":false},"author":2,"featured_media":12455,"comment_status":"open","ping_status":"open","sticky":false,"template":"","format":"standard","meta":{"footnotes":""},"categories":[978,5,176],"tags":[232,4699,691,1279],"class_list":["post-12902","post","type-post","status-publish","format-standard","has-post-thumbnail","hentry","category-gremiales","category-nacionales","category-politica","tag-javier-milei","tag-motosierra","tag-paro","tag-rodolfo-aguiar"],"_links":{"self":[{"href":"https:\/\/partediario.com.ar\/index.php?rest_route=\/wp\/v2\/posts\/12902","targetHints":{"allow":["GET"]}}],"collection":[{"href":"https:\/\/partediario.com.ar\/index.php?rest_route=\/wp\/v2\/posts"}],"about":[{"href":"https:\/\/partediario.com.ar\/index.php?rest_route=\/wp\/v2\/types\/post"}],"author":[{"embeddable":true,"href":"https:\/\/partediario.com.ar\/index.php?rest_route=\/wp\/v2\/users\/2"}],"replies":[{"embeddable":true,"href":"https:\/\/partediario.com.ar\/index.php?rest_route=%2Fwp%2Fv2%2Fcomments&post=12902"}],"version-history":[{"count":1,"href":"https:\/\/partediario.com.ar\/index.php?rest_route=\/wp\/v2\/posts\/12902\/revisions"}],"predecessor-version":[{"id":12903,"href":"https:\/\/partediario.com.ar\/index.php?rest_route=\/wp\/v2\/posts\/12902\/revisions\/12903"}],"wp:featuredmedia":[{"embeddable":true,"href":"https:\/\/partediario.com.ar\/index.php?rest_route=\/wp\/v2\/media\/12455"}],"wp:attachment":[{"href":"https:\/\/partediario.com.ar\/index.php?rest_route=%2Fwp%2Fv2%2Fmedia&parent=12902"}],"wp:term":[{"taxonomy":"category","embeddable":true,"href":"https:\/\/partediario.com.ar\/index.php?rest_route=%2Fwp%2Fv2%2Fcategories&post=12902"},{"taxonomy":"post_tag","embeddable":true,"href":"https:\/\/partediario.com.ar\/index.php?rest_route=%2Fwp%2Fv2%2Ftags&post=12902"}],"curies":[{"name":"wp","href":"https:\/\/api.w.org\/{rel}","templated":true}]}}