{"id":12904,"date":"2025-05-16T14:30:35","date_gmt":"2025-05-16T17:30:35","guid":{"rendered":"https:\/\/partediario.com.ar\/?p=12904"},"modified":"2025-05-17T19:24:31","modified_gmt":"2025-05-17T22:24:31","slug":"prepagas-el-gobierno-obliga-a-informarle-sobre-aumentos-antes-de-comunicarselos-a-afiliados","status":"publish","type":"post","link":"https:\/\/partediario.com.ar\/?p=12904","title":{"rendered":"Prepagas: el Gobierno obliga a informarle sobre aumentos antes de comunic\u00e1rselos a afiliados"},"content":{"rendered":"\n<h2 class=\"wp-block-heading\">El Gobierno nacional resolvi\u00f3 que las empresas de medicina prepaga les informen los aumentos que aplicar\u00e1n antes de comunic\u00e1rselos a sus afiliados.<\/h2>\n\n\n\n<p>Esta nueva modalidad de presentaci\u00f3n de informaci\u00f3n fue establecida este viernes por medio de la publicaci\u00f3n en el Bolet\u00edn Oficial de la Resoluci\u00f3n 645\/2025.<\/p>\n\n\n\n<p>De este modo, el gobierno busca ejercer alg\u00fan tipo de control adicional para intentar detener excesos antes de que la informaci\u00f3n sea distribuida a los afiliados.<\/p>\n\n\n\n<p>El gobierno tuvo un debate con las empresa de medicina privada en 2024 por el nivel de aumentos y pese a una serie de acciones y denuncias las cuotas se mantuvieron tal como lo dispusieron las empresas.<\/p>\n\n\n\n<p>\u201cLa comunicaci\u00f3n a la Superintendencia debe efectuarse dentro del mismo plazo previsto para la notificaci\u00f3n a los afiliados. El cumplimiento de este procedimiento es considerado un requisito indispensable para que la comunicaci\u00f3n posterior a los usuarios sea considerada v\u00e1lida\u201d, se\u00f1ala la resoluci\u00f3n.<\/p>\n\n\n\n<p>La normativa indica que esta medida busca fortalecer la capacidad de fiscalizaci\u00f3n del organismo y garantizar el acceso simult\u00e1neo a la informaci\u00f3n por parte de los usuarios y del Estado.<\/p>\n","protected":false},"excerpt":{"rendered":"<p>El Gobierno nacional resolvi&oacute; que las empresas de medicina prepaga les informen los aumentos que aplicar&aacute;n antes de comunic&aacute;rselos a sus afiliados. Esta nueva modalidad de presentaci&oacute;n de informaci&oacute;n fue establecida este viernes por medio de la publicaci&oacute;n en el Bolet&iacute;n Oficial de la Resoluci&oacute;n 645\/2025. De este modo, el gobierno busca ejercer alg&uacute;n tipo [&hellip;]<\/p>\n","protected":false},"author":2,"featured_media":12905,"comment_status":"open","ping_status":"open","sticky":false,"template":"","format":"standard","meta":{"footnotes":""},"categories":[5,176],"tags":[3010,1605,224,3149,1643],"class_list":["post-12904","post","type-post","status-publish","format-standard","has-post-thumbnail","hentry","category-nacionales","category-politica","tag-afiliados","tag-aumentos","tag-gobierno","tag-informacion","tag-prepagas"],"_links":{"self":[{"href":"https:\/\/partediario.com.ar\/index.php?rest_route=\/wp\/v2\/posts\/12904","targetHints":{"allow":["GET"]}}],"collection":[{"href":"https:\/\/partediario.com.ar\/index.php?rest_route=\/wp\/v2\/posts"}],"about":[{"href":"https:\/\/partediario.com.ar\/index.php?rest_route=\/wp\/v2\/types\/post"}],"author":[{"embeddable":true,"href":"https:\/\/partediario.com.ar\/index.php?rest_route=\/wp\/v2\/users\/2"}],"replies":[{"embeddable":true,"href":"https:\/\/partediario.com.ar\/index.php?rest_route=%2Fwp%2Fv2%2Fcomments&post=12904"}],"version-history":[{"count":1,"href":"https:\/\/partediario.com.ar\/index.php?rest_route=\/wp\/v2\/posts\/12904\/revisions"}],"predecessor-version":[{"id":12906,"href":"https:\/\/partediario.com.ar\/index.php?rest_route=\/wp\/v2\/posts\/12904\/revisions\/12906"}],"wp:featuredmedia":[{"embeddable":true,"href":"https:\/\/partediario.com.ar\/index.php?rest_route=\/wp\/v2\/media\/12905"}],"wp:attachment":[{"href":"https:\/\/partediario.com.ar\/index.php?rest_route=%2Fwp%2Fv2%2Fmedia&parent=12904"}],"wp:term":[{"taxonomy":"category","embeddable":true,"href":"https:\/\/partediario.com.ar\/index.php?rest_route=%2Fwp%2Fv2%2Fcategories&post=12904"},{"taxonomy":"post_tag","embeddable":true,"href":"https:\/\/partediario.com.ar\/index.php?rest_route=%2Fwp%2Fv2%2Ftags&post=12904"}],"curies":[{"name":"wp","href":"https:\/\/api.w.org\/{rel}","templated":true}]}}