{"id":12913,"date":"2025-05-16T18:24:28","date_gmt":"2025-05-16T21:24:28","guid":{"rendered":"https:\/\/partediario.com.ar\/?p=12913"},"modified":"2025-05-17T19:24:21","modified_gmt":"2025-05-17T22:24:21","slug":"franco-colapinto-hablo-tras-sus-primeras-practicas-libres-con-alpine","status":"publish","type":"post","link":"https:\/\/partediario.com.ar\/?p=12913","title":{"rendered":"Franco Colapinto habl\u00f3 tras sus primeras pr\u00e1cticas libres con Alpine"},"content":{"rendered":"\n<h2 class=\"wp-block-heading\">El argentino Franco Colapinto experiment\u00f3 este viernes un d\u00eda especial en su carrera como piloto de F\u00f3rmula 1 ya que volvi\u00f3 a subirse a un monoplaza de la categor\u00eda reina despu\u00e9s de cinco meses, esta vez con los colores de Alpine.<\/h2>\n\n\n\n<p>Su regreso se produjo en el m\u00edtico circuito de Imola, escenario del Gran Premio de Emilia Roma\u00f1a, donde este fin de semana disputar\u00e1 su primera carrera oficial como titular con la escuder\u00eda francesa, Alpine.<\/p>\n\n\n\n<p>Durante las dos tandas de entrenamientos libres, Colapinto fue de menor a mayor. En la primera sesi\u00f3n finaliz\u00f3 en el decimos\u00e9ptimo puesto y en la segunda logr\u00f3 avanzar hasta la decimotercera posici\u00f3n, lo que dej\u00f3 buenas sensaciones dentro del equipo y en el propio piloto.<\/p>\n\n\n\n<p>\u201cBuen primer d\u00eda ac\u00e1 en Imola. Muy contento de volver. Agradecido, obviamente, al equipo por la oportunidad\u201d, expres\u00f3 Colapinto a ESPN luego de finalizar sus primeras pr\u00e1cticas libres.<\/p>\n\n\n\n<p>\u201cDe a poco, dando pasitos hacia adelante. Me sent\u00ed bien, aunque todav\u00eda hay mucho por aprender y seguir entendiendo con el equipo y con el auto\u201d, acot\u00f3.<\/p>\n\n\n\n<p>Colapinto adem\u00e1s destac\u00f3 la ventaja de conocer el circuito, donde ya hab\u00eda competido en otras categor\u00edas como la F\u00f3rmula 3 y la F\u00f3rmula 2, lo cual le permiti\u00f3 enfocarse m\u00e1s r\u00e1pidamente en las particularidades del Alpine.<\/p>\n\n\n\n<p>No obstante, es consciente de que a\u00fan queda mucho trabajo por delante, sobre todo en el entendimiento del monoplaza y en la comunicaci\u00f3n con los ingenieros.<\/p>\n\n\n\n<p>Pensando en lo que viene \u2014la tercera sesi\u00f3n de entrenamientos y la clasificaci\u00f3n del s\u00e1bado\u2014, el piloto argentino se mostr\u00f3 muy motivado: \u201cHay que seguir progresando, entender muchas cosas en la data hoy a la noche. Y volver un poco m\u00e1s fuerte ma\u00f1ana. Me estoy adaptando al auto, al equipo, a los ingenieros. Seguramente vamos a dar un pasito m\u00e1s\u201d, conluy\u00f3.<\/p>\n","protected":false},"excerpt":{"rendered":"<p>El argentino Franco Colapinto experiment&oacute; este viernes un d&iacute;a especial en su carrera como piloto de F&oacute;rmula 1 ya que volvi&oacute; a subirse a un monoplaza de la categor&iacute;a reina despu&eacute;s de cinco meses, esta vez con los colores de Alpine. Su regreso se produjo en el m&iacute;tico circuito de Imola, escenario del Gran Premio [&hellip;]<\/p>\n","protected":false},"author":2,"featured_media":12914,"comment_status":"open","ping_status":"open","sticky":false,"template":"","format":"standard","meta":{"footnotes":""},"categories":[4,9],"tags":[4671,4177,2847,5897],"class_list":["post-12913","post","type-post","status-publish","format-standard","has-post-thumbnail","hentry","category-deportes","category-internacionales","tag-alpine","tag-formula-1","tag-franco-colapinto","tag-imola"],"_links":{"self":[{"href":"https:\/\/partediario.com.ar\/index.php?rest_route=\/wp\/v2\/posts\/12913","targetHints":{"allow":["GET"]}}],"collection":[{"href":"https:\/\/partediario.com.ar\/index.php?rest_route=\/wp\/v2\/posts"}],"about":[{"href":"https:\/\/partediario.com.ar\/index.php?rest_route=\/wp\/v2\/types\/post"}],"author":[{"embeddable":true,"href":"https:\/\/partediario.com.ar\/index.php?rest_route=\/wp\/v2\/users\/2"}],"replies":[{"embeddable":true,"href":"https:\/\/partediario.com.ar\/index.php?rest_route=%2Fwp%2Fv2%2Fcomments&post=12913"}],"version-history":[{"count":1,"href":"https:\/\/partediario.com.ar\/index.php?rest_route=\/wp\/v2\/posts\/12913\/revisions"}],"predecessor-version":[{"id":12915,"href":"https:\/\/partediario.com.ar\/index.php?rest_route=\/wp\/v2\/posts\/12913\/revisions\/12915"}],"wp:featuredmedia":[{"embeddable":true,"href":"https:\/\/partediario.com.ar\/index.php?rest_route=\/wp\/v2\/media\/12914"}],"wp:attachment":[{"href":"https:\/\/partediario.com.ar\/index.php?rest_route=%2Fwp%2Fv2%2Fmedia&parent=12913"}],"wp:term":[{"taxonomy":"category","embeddable":true,"href":"https:\/\/partediario.com.ar\/index.php?rest_route=%2Fwp%2Fv2%2Fcategories&post=12913"},{"taxonomy":"post_tag","embeddable":true,"href":"https:\/\/partediario.com.ar\/index.php?rest_route=%2Fwp%2Fv2%2Ftags&post=12913"}],"curies":[{"name":"wp","href":"https:\/\/api.w.org\/{rel}","templated":true}]}}