{"id":12916,"date":"2025-05-17T18:53:13","date_gmt":"2025-05-17T21:53:13","guid":{"rendered":"https:\/\/partediario.com.ar\/?p=12916"},"modified":"2025-05-18T20:12:23","modified_gmt":"2025-05-18T23:12:23","slug":"petri-recorrio-zonas-inundadas-y-destaco-que-en-campana-hay-mas-de-1-600-evacuados","status":"publish","type":"post","link":"https:\/\/partediario.com.ar\/?p=12916","title":{"rendered":"Petri recorri\u00f3 zonas inundadas y destac\u00f3 que en Campana hay m\u00e1s de 1.600 evacuados"},"content":{"rendered":"\n<h2 class=\"wp-block-heading\">El ministro de Defensa, Luis Petri, recorri\u00f3 hoy las zonas m\u00e1s afectadas por el temporal en las localidades bonaerenses de Z\u00e1rate y Campana, y se\u00f1al\u00f3 que la situaci\u00f3n es particularmente grave en esta \u00faltima, donde se registraron m\u00e1s de 1.600 evacuados.<\/h2>\n\n\n\n<p>\u00abLa situaci\u00f3n es distinta de Z\u00e1rate a Campana. Venimos de estar reunidos con el intendente de Z\u00e1rate, son 160 evacuados, mientras que en Campana llegan a 1.600. La situaci\u00f3n es m\u00e1s compleja\u00bb, asegur\u00f3 Petri en declaraciones televisivas luego derecorrer los barrios inundados junto a autoridades locales.<\/p>\n\n\n\n<p>El funcionario nacional indic\u00f3 que en algunos sectores fue necesario intervenir con medidas de emergencia para permitir el escurrimiento del agua: \u00abVenimos del barrio nuevo, donde se ha tenido que romper una ruta para posibilitar que drene el agua. Llovieron m\u00e1s de 410 mil\u00edmetros. Ahora est\u00e1 drenando con much\u00edsima velocidad y esperamos que en las pr\u00f3ximas horas se desagote\u00bb, detall\u00f3.<\/p>\n\n\n\n<p>Seg\u00fan se\u00f1al\u00f3, las \u00e1reas m\u00e1s vulnerables de ambas ciudades fueron las m\u00e1s afectadas por las lluvias excepcionales: \u00abEn los lugares m\u00e1s vulnerables de Z\u00e1rate y Campana se generaron piletones de agua. No as\u00ed en el centro de las ciudades\u00bb, precis\u00f3.<\/p>\n\n\n\n<p>Petri afirm\u00f3 que el Gobierno nacional est\u00e1 movilizando recursos para asistir a los damnificados: \u00abLa situaci\u00f3n para muchas familias es dram\u00e1tica. Estamos poniendo todos los recursos del Estado nacional para ayudar a la gente de la zona\u00bb.<\/p>\n\n\n\n<p>El ministro subray\u00f3 adem\u00e1s en declaraciones a los medios que la magnitud del fen\u00f3meno meteorol\u00f3gico: \u00abEn los \u00faltimos a\u00f1os no tenemos registros de lluvias tan intensas en la zona, que superen los 400 mil\u00edmetros en tan pocas horas. Eso termina saturando los pluviales\u00bb.<\/p>\n\n\n\n<p>Comparando emergencias recientes, Petri diferenci\u00f3 esta situaci\u00f3n de la vivida en Bah\u00eda Blanca el a\u00f1o pasado: \u00abLa situaci\u00f3n es distinta a lo que se vivi\u00f3 en Bah\u00eda Blanca, porque en este caso el casco urbano de Z\u00e1rate no se vio afectado. S\u00ed los alrededores, las rutas y los barrios perif\u00e9ricos\u00bb.<\/p>\n\n\n\n<p>En medio del temporal hist\u00f3rico que azot\u00f3 a Z\u00e1rate y localidades vecinas como Campana, Exaltaci\u00f3n de la Cruz, Capit\u00e1n Sarmiento y San Antonio de Areco, la ministra de Seguridad, Patricia Bullrich y el de Defensa, Luis Petri, se trasladaron este mediod\u00eda a las zonas afectadas por intensas lluvias que, en menos de 24 horas, provocaron inundaciones generalizadas, cortes de ruta, evacuaciones y un virtual aislamiento del distrito.<\/p>\n","protected":false},"excerpt":{"rendered":"<p>El ministro de Defensa, Luis Petri, recorri&oacute; hoy las zonas m&aacute;s afectadas por el temporal en las localidades bonaerenses de Z&aacute;rate y Campana, y se&ntilde;al&oacute; que la situaci&oacute;n es particularmente grave en esta &uacute;ltima, donde se registraron m&aacute;s de 1.600 evacuados. &laquo;La situaci&oacute;n es distinta de Z&aacute;rate a Campana. Venimos de estar reunidos con el [&hellip;]<\/p>\n","protected":false},"author":2,"featured_media":12917,"comment_status":"open","ping_status":"open","sticky":false,"template":"","format":"standard","meta":{"footnotes":""},"categories":[5,726],"tags":[705,5974,5973,566,5971,2025,5972],"class_list":["post-12916","post","type-post","status-publish","format-standard","has-post-thumbnail","hentry","category-nacionales","category-sociedad","tag-campana","tag-evacuados","tag-inundadas","tag-luis-petri","tag-recorre","tag-zarate","tag-zonas"],"_links":{"self":[{"href":"https:\/\/partediario.com.ar\/index.php?rest_route=\/wp\/v2\/posts\/12916","targetHints":{"allow":["GET"]}}],"collection":[{"href":"https:\/\/partediario.com.ar\/index.php?rest_route=\/wp\/v2\/posts"}],"about":[{"href":"https:\/\/partediario.com.ar\/index.php?rest_route=\/wp\/v2\/types\/post"}],"author":[{"embeddable":true,"href":"https:\/\/partediario.com.ar\/index.php?rest_route=\/wp\/v2\/users\/2"}],"replies":[{"embeddable":true,"href":"https:\/\/partediario.com.ar\/index.php?rest_route=%2Fwp%2Fv2%2Fcomments&post=12916"}],"version-history":[{"count":1,"href":"https:\/\/partediario.com.ar\/index.php?rest_route=\/wp\/v2\/posts\/12916\/revisions"}],"predecessor-version":[{"id":12918,"href":"https:\/\/partediario.com.ar\/index.php?rest_route=\/wp\/v2\/posts\/12916\/revisions\/12918"}],"wp:featuredmedia":[{"embeddable":true,"href":"https:\/\/partediario.com.ar\/index.php?rest_route=\/wp\/v2\/media\/12917"}],"wp:attachment":[{"href":"https:\/\/partediario.com.ar\/index.php?rest_route=%2Fwp%2Fv2%2Fmedia&parent=12916"}],"wp:term":[{"taxonomy":"category","embeddable":true,"href":"https:\/\/partediario.com.ar\/index.php?rest_route=%2Fwp%2Fv2%2Fcategories&post=12916"},{"taxonomy":"post_tag","embeddable":true,"href":"https:\/\/partediario.com.ar\/index.php?rest_route=%2Fwp%2Fv2%2Ftags&post=12916"}],"curies":[{"name":"wp","href":"https:\/\/api.w.org\/{rel}","templated":true}]}}