{"id":12919,"date":"2025-05-17T19:00:45","date_gmt":"2025-05-17T22:00:45","guid":{"rendered":"https:\/\/partediario.com.ar\/?p=12919"},"modified":"2025-05-18T20:12:20","modified_gmt":"2025-05-18T23:12:20","slug":"mi-casa-tiene-un-metro-de-agua-adentro-senalo-el-intendente-de-areco","status":"publish","type":"post","link":"https:\/\/partediario.com.ar\/?p=12919","title":{"rendered":"\u201cMi casa tiene un metro de agua adentro\u201d: se\u00f1al\u00f3 el intendente de Areco"},"content":{"rendered":"\n<h2 class=\"wp-block-heading\">San Antonio de Areco atraviesa una de las inundaciones m\u00f1as graves de su historia reciente. En declaraciones radiales, el intendente Francisco Ratto apunt\u00f3 con crudeza el impacto que provocaron las intensas lluvias de las \u00faltimas horas: \u201cEstamos atravesando probablemente el fen\u00f3meno meteorol\u00f3gico m\u00e1s devastador de nuestra historia documentada. Son 400 mil\u00edmetros en 24 horas. Es un desastre\u201d, dijo.<\/h2>\n\n\n\n<p>Ratto, que debi\u00f3 abandonar su propia casa por el agua, afirm\u00f3: \u201cMis padres est\u00e1n en la casa de mi t\u00eda, yo estoy en la de mi hermana, porque mi casa tiene un metro de agua adentro\u201d.<\/p>\n\n\n\n<p>El intendente subray\u00f3 que si bien muchas personas debieron ser evacuadas, la mayor\u00eda lo hizo hacia casas de familiares o amigos. \u201cEso resuelve mucho la situaci\u00f3n. Nosotros asistimos con traslados y tambi\u00e9n con elementos de primera necesidad. Algunos vecinos prefieren quedarse, tienen miedo de que les entren a robar, y despu\u00e9s hay que evacuarlos en lanchas o veh\u00edculos tipo unimog\u201d, detall\u00f3.<\/p>\n\n\n\n<p>En cuanto al retorno, adelant\u00f3 que el municipio ya puso en marcha el operativo \u201cVuelta a Casa\u201d, que incluye la entrega gratuita de kits de limpieza, volquetes en los barrios y asistencia municipal para quienes perdieron bienes. \u201cAreco no es una ciudad inmensa, ni tiene barrios de emergencia, lo que facilita la asistencia\u201d, detall\u00f3.<\/p>\n\n\n\n<p>Ratto indic\u00f3 que el fen\u00f3meno meteorol\u00f3gico no hab\u00eda sido anticipado en esa magnitud por ning\u00fan modelo. \u201cNo estaba previsto esto, ni en la situaci\u00f3n m\u00e1s extrema. Se trata de un frente estacionario que se pos\u00f3 sobre el norte bonaerense y descarg\u00f3 toda el agua sobre distritos como Capit\u00e1n Sarmiento, Exaltaci\u00f3n de la Cruz, Z\u00e1rate, Campana, Arrecifes y por supuesto Areco\u201d, detall\u00f3.<\/p>\n\n\n\n<p>Explic\u00f3 que el fen\u00f3meno fue tan excepcional que se fue elevando la alerta hasta alcanzar nivel rojo, sin que la tormenta se moviera. \u201cPone el freno de mano ah\u00ed, y descarga todo\u201d, mencion\u00f3.<\/p>\n\n\n\n<p>Aunque al momento de la entrevista no llov\u00eda, el intendente adelant\u00f3 que por la noche podr\u00eda ingresar un frente fr\u00edo con m\u00e1s tormentas, aunque ser\u00eda ese mismo frente el que marcar\u00eda el final del evento. \u201cDespu\u00e9s de la lluvia, tenemos que seguir atentos por la crecida del r\u00edo Areco, que se alimenta del arroyo Fragamino y otras cuencas. Aunque deje de llover, todo lo que cay\u00f3 sigue drenando hacia ac\u00e1. Las napas est\u00e1n saturadas y falta pasar mucha agua todav\u00eda\u201d, agreg\u00f3.<\/p>\n\n\n\n<p>Finalizando, Ratto ponder\u00f3 el acompa\u00f1amiento recibido. \u201cHemos recibido ayuda de la Naci\u00f3n, de la Provincia y de muchos vecinos comprometidos. Lo importante ahora es que el agua tenga por d\u00f3nde irse. Las obras que hicimos ayudaron a que el r\u00edo no se desborde tanto y a que corra m\u00e1s r\u00e1pido. Vamos a poder estar mejor, pero todav\u00eda falta\u201d, cerr\u00f3.<\/p>\n","protected":false},"excerpt":{"rendered":"<p>San Antonio de Areco atraviesa una de las inundaciones m&ntilde;as graves de su historia reciente. En declaraciones radiales, el intendente Francisco Ratto apunt&oacute; con crudeza el impacto que provocaron las intensas lluvias de las &uacute;ltimas horas: &ldquo;Estamos atravesando probablemente el fen&oacute;meno meteorol&oacute;gico m&aacute;s devastador de nuestra historia documentada. Son 400 mil&iacute;metros en 24 horas. Es [&hellip;]<\/p>\n","protected":false},"author":2,"featured_media":12920,"comment_status":"open","ping_status":"open","sticky":false,"template":"","format":"standard","meta":{"footnotes":""},"categories":[5,726],"tags":[551,5975,1415,5978,5976],"class_list":["post-12919","post","type-post","status-publish","format-standard","has-post-thumbnail","hentry","category-nacionales","category-sociedad","tag-casa","tag-francisco-ratto","tag-intendente","tag-inundada","tag-san-antonio-de-areco"],"_links":{"self":[{"href":"https:\/\/partediario.com.ar\/index.php?rest_route=\/wp\/v2\/posts\/12919","targetHints":{"allow":["GET"]}}],"collection":[{"href":"https:\/\/partediario.com.ar\/index.php?rest_route=\/wp\/v2\/posts"}],"about":[{"href":"https:\/\/partediario.com.ar\/index.php?rest_route=\/wp\/v2\/types\/post"}],"author":[{"embeddable":true,"href":"https:\/\/partediario.com.ar\/index.php?rest_route=\/wp\/v2\/users\/2"}],"replies":[{"embeddable":true,"href":"https:\/\/partediario.com.ar\/index.php?rest_route=%2Fwp%2Fv2%2Fcomments&post=12919"}],"version-history":[{"count":1,"href":"https:\/\/partediario.com.ar\/index.php?rest_route=\/wp\/v2\/posts\/12919\/revisions"}],"predecessor-version":[{"id":12921,"href":"https:\/\/partediario.com.ar\/index.php?rest_route=\/wp\/v2\/posts\/12919\/revisions\/12921"}],"wp:featuredmedia":[{"embeddable":true,"href":"https:\/\/partediario.com.ar\/index.php?rest_route=\/wp\/v2\/media\/12920"}],"wp:attachment":[{"href":"https:\/\/partediario.com.ar\/index.php?rest_route=%2Fwp%2Fv2%2Fmedia&parent=12919"}],"wp:term":[{"taxonomy":"category","embeddable":true,"href":"https:\/\/partediario.com.ar\/index.php?rest_route=%2Fwp%2Fv2%2Fcategories&post=12919"},{"taxonomy":"post_tag","embeddable":true,"href":"https:\/\/partediario.com.ar\/index.php?rest_route=%2Fwp%2Fv2%2Ftags&post=12919"}],"curies":[{"name":"wp","href":"https:\/\/api.w.org\/{rel}","templated":true}]}}