{"id":12925,"date":"2025-05-17T19:10:11","date_gmt":"2025-05-17T22:10:11","guid":{"rendered":"https:\/\/partediario.com.ar\/?p=12925"},"modified":"2025-05-18T20:12:13","modified_gmt":"2025-05-18T23:12:13","slug":"axel-kicillof-pide-precaucion-extrema-tras-las-historicas-inundaciones-en-buenos-aires","status":"publish","type":"post","link":"https:\/\/partediario.com.ar\/?p=12925","title":{"rendered":"Axel Kicillof pide \u00abprecauci\u00f3n extrema\u00bb, tras las hist\u00f3ricas inundaciones en Buenos Aires"},"content":{"rendered":"\n<h2 class=\"wp-block-heading\">Una devastadora tormenta azot\u00f3 la provincia de Buenos Aires durante los \u00faltimos tres d\u00edas, dejandocomo saldo un registro de precipitaciones superior a los 400 mil\u00edmetros y provocando inundaciones de enorme magnitud en diversas localidades del norte y centro del territorio bonaerense.<\/h2>\n\n\n\n<p>La situaci\u00f3n, calificada como \u00absimilar a lo de Bah\u00eda Blanca pero extendida a lo largo de tres d\u00edas\u00bb por el ministro de Seguridad bonaerense, Javier Alonso, moviliz\u00f3 a las autoridades provinciales y nacionales en un esfuerzo coordinado para asistir a los miles de damnificadosde los 36 distritos afectados.<\/p>\n\n\n\n<p>El gobernador de Buenos Aires, Axel Kicillof, encabez\u00f3 una conferencia de prensa pasado el mediod\u00eda desde el comit\u00e9 de emergencias instalado en Puente 12, en el partido de La Matanza, para brindar detalles sobre el cr\u00edtico panorama. \u00abQueremos dar alguna informaci\u00f3n sobre el evento meteorol\u00f3gico, estamos en el comando de control, van tres d\u00edas de tormenta\u00bb, comenz\u00f3 Kicillof, cediendo la palabra al ministro Alonso, quien ofreci\u00f3 un panorama m\u00e1s detallado de la emergencia.<\/p>\n\n\n\n<p>\u00abEs nuestro tercer d\u00eda de tormenta, cayeron m\u00e1s de 400 mil\u00edmetros a lo largo de estos tres d\u00edas. Estamos con un fen\u00f3meno clim\u00e1tico muy inestable que nos ha generado una tormenta muy intensa, similar a lo que fue Bah\u00eda Blanca pero extendida a lo largo de tres d\u00edas\u00bb, se\u00f1al\u00f3 con preocupaci\u00f3n el ministro de Seguridad.<\/p>\n\n\n\n<p>A pesar de la ferocidad del temporal, Alonso ponder\u00f3 la r\u00e1pida respuesta de los equipos de emergencia. \u00abHasta ahora no tenemos reportes de ninguna persona fallecida. Tenemos que destacar el r\u00e1pido despliegue del personal de Bomberos, Defensa Civil, la coordinaci\u00f3n con las defensas civiles de cada municipio, nos permiti\u00f3 trabajar con el criterio de acci\u00f3n de atender el riesgo de vida\u00bb, destac\u00f3 el funcionario.<\/p>\n\n\n\n<p>El ministro adem\u00e1s inform\u00f3 sobre el desplazamiento del n\u00facleo m\u00e1s intenso de la tormenta. \u00abLo peor de la tormenta se desplaz\u00f3 hacia la provincia de Entre R\u00edos. Sabemos que va a seguir lloviendo en el d\u00eda de hoy hasta que vendr\u00e1 un frente fr\u00edo desde el sur de la provincia. Va a seguir cayendo agua sobre los 400 mil\u00edmetros que ya cayeron. Contin\u00faan los alertas, le pedimos a la poblaci\u00f3n que sea respetuosa de los alertas naranjas y rojas: no debe circular la gente por las rutas, le pedimos por favor que no circulen\u00bb, remarc\u00f3 Alonso con tono firme.<\/p>\n\n\n\n<p>Adem\u00e1s de las lluvias, el ministro advirti\u00f3 sobre la llegada de fuertes vientos. \u00abCuando llegue el frente fr\u00edo vamos a tener un fen\u00f3meno meteorol\u00f3gico de mucho viento lo que puede generar voladuras de techos, ca\u00edda de \u00e1rboles o de tendidos el\u00e9ctricos. Les pedimos a todos que se queden en casa\u00bb, alert\u00f3.<\/p>\n\n\n\n<p>El gobernador Kicillof, reforzando el mensaje de precauci\u00f3n, agreg\u00f3: \u00abHasta el momento no hay fallecidos, aunque pedimos much\u00edsima precauci\u00f3n a la poblaci\u00f3n debido a que todav\u00eda la situaci\u00f3n es cr\u00edtica y probablemente se extienda hasta la noche de hoy\u00bb. Esta declaraci\u00f3n pone de manifiesto la gravedad y la prolongaci\u00f3n de la emergencia, instando a los bonaerenses a mantenerse alerta y seguir las indicaciones de las autoridades.<\/p>\n\n\n\n<p>El gobernador estuvo acompa\u00f1ado en la conferencia por varios miembros de su gabinete, incluyendo a los ministros de Seguridad, Javier Alonso; de H\u00e1bitat y Desarrollo Urbano, Silvina Batakis; de Salud, Nicol\u00e1s Kreplak; de Infraestructura, Gabriel Katopodis; de Transporte, Mart\u00edn Marinucci; de Desarrollo de la Comunidad, Andr\u00e9s Larroque; y de Gobierno, Carlos Bianco, lo que subraya la transversalidad de la crisis.<\/p>\n","protected":false},"excerpt":{"rendered":"<p>Una devastadora tormenta azot&oacute; la provincia de Buenos Aires durante los &uacute;ltimos tres d&iacute;as, dejandocomo saldo un registro de precipitaciones superior a los 400 mil&iacute;metros y provocando inundaciones de enorme magnitud en diversas localidades del norte y centro del territorio bonaerense. La situaci&oacute;n, calificada como &laquo;similar a lo de Bah&iacute;a Blanca pero extendida a lo [&hellip;]<\/p>\n","protected":false},"author":2,"featured_media":12926,"comment_status":"open","ping_status":"open","sticky":false,"template":"","format":"standard","meta":{"footnotes":""},"categories":[5,726],"tags":[1112,4055,5026,3962],"class_list":["post-12925","post","type-post","status-publish","format-standard","has-post-thumbnail","hentry","category-nacionales","category-sociedad","tag-axel-kicillof","tag-inundaciones","tag-javier-alonso","tag-tormenta"],"_links":{"self":[{"href":"https:\/\/partediario.com.ar\/index.php?rest_route=\/wp\/v2\/posts\/12925","targetHints":{"allow":["GET"]}}],"collection":[{"href":"https:\/\/partediario.com.ar\/index.php?rest_route=\/wp\/v2\/posts"}],"about":[{"href":"https:\/\/partediario.com.ar\/index.php?rest_route=\/wp\/v2\/types\/post"}],"author":[{"embeddable":true,"href":"https:\/\/partediario.com.ar\/index.php?rest_route=\/wp\/v2\/users\/2"}],"replies":[{"embeddable":true,"href":"https:\/\/partediario.com.ar\/index.php?rest_route=%2Fwp%2Fv2%2Fcomments&post=12925"}],"version-history":[{"count":1,"href":"https:\/\/partediario.com.ar\/index.php?rest_route=\/wp\/v2\/posts\/12925\/revisions"}],"predecessor-version":[{"id":12927,"href":"https:\/\/partediario.com.ar\/index.php?rest_route=\/wp\/v2\/posts\/12925\/revisions\/12927"}],"wp:featuredmedia":[{"embeddable":true,"href":"https:\/\/partediario.com.ar\/index.php?rest_route=\/wp\/v2\/media\/12926"}],"wp:attachment":[{"href":"https:\/\/partediario.com.ar\/index.php?rest_route=%2Fwp%2Fv2%2Fmedia&parent=12925"}],"wp:term":[{"taxonomy":"category","embeddable":true,"href":"https:\/\/partediario.com.ar\/index.php?rest_route=%2Fwp%2Fv2%2Fcategories&post=12925"},{"taxonomy":"post_tag","embeddable":true,"href":"https:\/\/partediario.com.ar\/index.php?rest_route=%2Fwp%2Fv2%2Ftags&post=12925"}],"curies":[{"name":"wp","href":"https:\/\/api.w.org\/{rel}","templated":true}]}}