{"id":12943,"date":"2025-05-19T11:02:26","date_gmt":"2025-05-19T14:02:26","guid":{"rendered":"https:\/\/partediario.com.ar\/?p=12943"},"modified":"2025-05-20T10:49:51","modified_gmt":"2025-05-20T13:49:51","slug":"murio-la-reconocida-abogada-raquel-hermida-leyenda","status":"publish","type":"post","link":"https:\/\/partediario.com.ar\/?p=12943","title":{"rendered":"Muri\u00f3 la reconocida abogada Raquel Hermida Leyenda"},"content":{"rendered":"\n<h2 class=\"wp-block-heading\">La reconocida defensora de mujeres v\u00edctimas de violencia de g\u00e9nero falleci\u00f3 este domingo en el CEMIC. Ten\u00eda 63 a\u00f1os.<\/h2>\n\n\n\n<p>La abogada penalista Mar\u00eda Raquel Hermida Leyenda, sumamente reconocida por su labor en causas de violencia de g\u00e9nero, falleci\u00f3 este domingo a los 63 a\u00f1os en la Ciudad de Buenos Aires debido a una afecci\u00f3n card\u00edaca, seg\u00fan indicaron allegados a la familia.<\/p>\n\n\n\n<p>Seg\u00fan se supo, Hermida Leyenda fue atendida en el CEMIC, donde su fallecimiento fue constatado alrededor de las cuatro de la madrugada. En los \u00faltimos d\u00edas hab\u00eda experimentado un cuadro card\u00edaco que se agrav\u00f3, a pesar de la atenci\u00f3n m\u00e9dica recibida.<\/p>\n\n\n\n<p>Egresada de la Universidad Cat\u00f3lica Argentina, fue una figura reconocida en la defensa de mujeres en casos judiciales de alto perfil medi\u00e1tico. Represent\u00f3, entre otras, a Nahir Galarza, a la actriz Calu Rivero, y particip\u00f3 en expedientes que sentaron precedente en la jurisprudencia argentina en materia de g\u00e9nero.<\/p>\n\n\n\n<p>Con una s\u00f3lida trayectoria, Hermida Leyenda particip\u00f3 en casos de alto perfil: entre 2020 y 2022, asumi\u00f3 la defensa de Nahir Galarza, condenada por el homicidio de su pareja, Fernando Pastorizzo, y tambi\u00e9n represent\u00f3 Calu Rivero en su denuncia por abuso contra Juan Darth\u00e9s.<\/p>\n","protected":false},"excerpt":{"rendered":"<p>La reconocida defensora de mujeres v&iacute;ctimas de violencia de g&eacute;nero falleci&oacute; este domingo en el CEMIC. Ten&iacute;a 63 a&ntilde;os. La abogada penalista Mar&iacute;a Raquel Hermida Leyenda, sumamente reconocida por su labor en causas de violencia de g&eacute;nero, falleci&oacute; este domingo a los 63 a&ntilde;os en la Ciudad de Buenos Aires debido a una afecci&oacute;n card&iacute;aca, [&hellip;]<\/p>\n","protected":false},"author":2,"featured_media":12944,"comment_status":"open","ping_status":"open","sticky":false,"template":"","format":"standard","meta":{"footnotes":""},"categories":[979,5],"tags":[5990,5991,561,869,5988],"class_list":["post-12943","post","type-post","status-publish","format-standard","has-post-thumbnail","hentry","category-judiciales","category-nacionales","tag-calu-rivero","tag-cemic","tag-murio","tag-nahir-galarza","tag-raquel-hermida-leyenda"],"_links":{"self":[{"href":"https:\/\/partediario.com.ar\/index.php?rest_route=\/wp\/v2\/posts\/12943","targetHints":{"allow":["GET"]}}],"collection":[{"href":"https:\/\/partediario.com.ar\/index.php?rest_route=\/wp\/v2\/posts"}],"about":[{"href":"https:\/\/partediario.com.ar\/index.php?rest_route=\/wp\/v2\/types\/post"}],"author":[{"embeddable":true,"href":"https:\/\/partediario.com.ar\/index.php?rest_route=\/wp\/v2\/users\/2"}],"replies":[{"embeddable":true,"href":"https:\/\/partediario.com.ar\/index.php?rest_route=%2Fwp%2Fv2%2Fcomments&post=12943"}],"version-history":[{"count":1,"href":"https:\/\/partediario.com.ar\/index.php?rest_route=\/wp\/v2\/posts\/12943\/revisions"}],"predecessor-version":[{"id":12945,"href":"https:\/\/partediario.com.ar\/index.php?rest_route=\/wp\/v2\/posts\/12943\/revisions\/12945"}],"wp:featuredmedia":[{"embeddable":true,"href":"https:\/\/partediario.com.ar\/index.php?rest_route=\/wp\/v2\/media\/12944"}],"wp:attachment":[{"href":"https:\/\/partediario.com.ar\/index.php?rest_route=%2Fwp%2Fv2%2Fmedia&parent=12943"}],"wp:term":[{"taxonomy":"category","embeddable":true,"href":"https:\/\/partediario.com.ar\/index.php?rest_route=%2Fwp%2Fv2%2Fcategories&post=12943"},{"taxonomy":"post_tag","embeddable":true,"href":"https:\/\/partediario.com.ar\/index.php?rest_route=%2Fwp%2Fv2%2Ftags&post=12943"}],"curies":[{"name":"wp","href":"https:\/\/api.w.org\/{rel}","templated":true}]}}