{"id":12946,"date":"2025-05-19T11:26:01","date_gmt":"2025-05-19T14:26:01","guid":{"rendered":"https:\/\/partediario.com.ar\/?p=12946"},"modified":"2025-05-20T10:49:47","modified_gmt":"2025-05-20T13:49:47","slug":"creemos-que-en-la-provincia-de-buenos-aires-vamos-a-dar-otro-batacazo-senalo-milei","status":"publish","type":"post","link":"https:\/\/partediario.com.ar\/?p=12946","title":{"rendered":"\u00abCreemos que en la provincia de Buenos Aires vamos a dar otro batacazo\u00bb, se\u00f1al\u00f3 Milei"},"content":{"rendered":"\n<h2 class=\"wp-block-heading\">El presidente Javier Milei afirm\u00f3 este lunes que el triunfo de Manuel Adorni en la Ciudad de Buenos Aires \u00abes inapelable\u00bb, e indic\u00f3 que La Libertad Avanza (LLA) hizo su \u00abmejor elecci\u00f3n hist\u00f3rica\u00bb.<\/h2>\n\n\n\n<p>\u00abEl resultado de la elecci\u00f3n es inapelable. Hicimos nuestra mejor elecci\u00f3n hist\u00f3rica. Para nosotros es un puntapi\u00e9 fundamental para avanzar y pintar de violeta todo el pa\u00eds\u00bb, manifest\u00f3.<\/p>\n\n\n\n<p>En di\u00e1logo con los medios de comunicaci\u00f3n, afirm\u00f3 que las negociaciones para conformar una lista com\u00fan de LLA y dirigentes del PRO en la provincia de Buenos Aires \u201cest\u00e1n muy avanzadas\u201d y acot\u00f3 que en las elecciones del 7 de septiembre en el mayor distrito del pa\u00eds \u201cvamos a dar otro batacazo\u201d.<\/p>\n\n\n\n<p>En esa misma l\u00ednea se\u00f1al\u00f3: \u00abYo hab\u00eda dicho que ten\u00edamos que ir juntos en todos lados, eso hizo que el jefe de Gobierno y su espacio se pusieran paranoicos y temerosos con algunos sectores de la Ciudad, desdoblaron las elecciones y eso gener\u00f3 fastidio en la gente\u00bb.<\/p>\n\n\n\n<p>Milei consider\u00f3 que el triunfo de ayer en la Ciudad de Buenos Aires \u201ces inapelable\u201d e indic\u00f3 que es el \u201cpuntapi\u00e9 fundamental para una construcci\u00f3n m\u00e1s profunda y pintar de violeta todo el pa\u00eds\u201d, aludiendo al color que utiliza su partido en cada elecci\u00f3n.<\/p>\n\n\n\n<p>El mandatario asegur\u00f3 que el acuerdo a nivel bonaerense \u201cest\u00e1 avanzando independientemente de (Mauricio) Macri, porque \u201cmuchos dirigentes est\u00e1n tomando nota de que el PRO es una herramienta que quedo obsoleta, y no est\u00e1 en condiciones de terminar con el kirchnerismo\u201d.<\/p>\n\n\n\n<p>A modo de ejemplo de las negociaciones mencion\u00f3 que \u201cah\u00ed est\u00e1n las fotos en las que est\u00e1 mi hermana (Karina Milei), Sebasti\u00e1n Pareja, (Eduardo) Lule Menem, el \u2018colo\u2019 (Diego) Santilli, Cristian Ritondo y Jos\u00e9 Luis Espert\u201d, y enfatiz\u00f3: \u201cQuiz\u00e1s Macri deba entender que su momento pas\u00f3\u201d.<\/p>\n\n\n\n<p>\u201cA aquellos que est\u00e9n dispuestos a abrazar las ideas de la libertad los vamos a abrazar a todos, y todo lo que sea espacio del centro derecha va a estar incluido\u201d en un futuro espacio, a\u00f1adi\u00f3 el jefe del Estado.<\/p>\n\n\n\n<p>Sobre el triunfo de ayer de LLA en la Ciudad de Buenos Aires, advirti\u00f3 que \u00e9l propuso \u201cir juntos en todos lados y eso hizo que el jefe de Gobierno (por Jorge Macri) y su espacio se pusieran paranoicos con el control de algunos aspectos de la Ciudad\u201d.<\/p>\n\n\n\n<p>\u201cDesdoblaron la elecci\u00f3n y generaron fastidio en la gente. Los pol\u00edticos para cuidar sus negocios llaman espuriamente a una elecci\u00f3n desdoblada y la gente se cansa\u201d, manifest\u00f3.<\/p>\n\n\n\n<p>Replic\u00f3 adem\u00e1s los dichos de Macri al denunciar el video hecho con inteligencia artificial que por redes sociales lo mostraba pidiendo el voto para LLA y Manuel Adorni, y se\u00f1al\u00f3 que el expresidente \u201cest\u00e1 grande para entender algunas cosas\u201d.<\/p>\n\n\n\n<p>\u201cYo entiendo que \u00e9l para algunas cosas est\u00e1 grande y no las entiende. Su espacio parece que tampoco las entiende. Est\u00e1 claro y se ve que (el video) es una broma. No entender el humor de las redes y achac\u00e1rmelo a m\u00ed\u2026 Qu\u00e9 bajo vienen para no entender un chiste de las redes\u201d, afirm\u00f3.<\/p>\n\n\n\n<p>Tambi\u00e9n se\u00f1al\u00f3 que \u201cla peor campa\u00f1a negativa se la hizo Macri a (La primera candidata del PRO, Silvia) Lospennato ante los periodistas diciendo que iba a perder\u201d, remarc\u00f3 que era \u201cuna p\u00e9sima candidata\u201d y se\u00f1al\u00f3 que desde el Gobierno porte\u00f1o \u201chan hecho de Ficha limpia una mentira enorme con muchos periodistas c\u00f3mplices\u201d.<\/p>\n\n\n\n<p>\u201cNo dudaron en contratar como jefe de campa\u00f1a a una basura humana como (Antoni) Gutierrez-Rub\u00ed, que viene envenenado la pol\u00edtica argentina desde la \u00e9poca de Cristina Kirchner, y asesor\u00f3 a Massa y me hicieron la campa\u00f1a m\u00e1s sucia de la historia\u201d, asever\u00f3.<\/p>\n\n\n\n<p>Para Milei, estas situaciones muestran que en el PRO \u201cson muy parecidos al kirchnerismo porque son parte del \u2018partido del Estado\u2019. Dec\u00edan \u2018no a la motosierra\u2019, y en eso (Leandro) Santoro que es kirchnerista puro, coincid\u00eda con los Macri\u201d.<\/p>\n\n\n\n<p>\u201cSi hablamos de obra p\u00fablica, que es un esc\u00e1ndalo de corrupci\u00f3n porque la plata est\u00e1 pero las obras no aparecen, \u00bfqu\u00e9 diferencia hay entre lo que propone el kirchnerismo y lo que propone el PRO?\u201d, se pregunt\u00f3, y contest\u00f3 de forma categ\u00f3rica: \u201cNinguna\u201d.<\/p>\n\n\n\n<p>Milei destac\u00f3 que en la campa\u00f1a de la Ciudad \u201calgunos candidatos del PRO propon\u00edan el ingreso m\u00ednimo universal que es una propuesta de la izquierda\u201d, y dijo que \u201calguna parte del PRO se tiene que sincerar y decirle a la gente que los estafaron porque tienen ideas de izquierda\u201d.<\/p>\n","protected":false},"excerpt":{"rendered":"<p>El presidente Javier Milei afirm&oacute; este lunes que el triunfo de Manuel Adorni en la Ciudad de Buenos Aires &laquo;es inapelable&raquo;, e indic&oacute; que La Libertad Avanza (LLA) hizo su &laquo;mejor elecci&oacute;n hist&oacute;rica&raquo;. &laquo;El resultado de la elecci&oacute;n es inapelable. Hicimos nuestra mejor elecci&oacute;n hist&oacute;rica. Para nosotros es un puntapi&eacute; fundamental para avanzar y pintar [&hellip;]<\/p>\n","protected":false},"author":2,"featured_media":12947,"comment_status":"open","ping_status":"open","sticky":false,"template":"","format":"standard","meta":{"footnotes":""},"categories":[5,176],"tags":[721,388,5993,232,266,646,1101],"class_list":["post-12946","post","type-post","status-publish","format-standard","has-post-thumbnail","hentry","category-nacionales","category-politica","tag-buenos-aires","tag-caba","tag-eleccion","tag-javier-milei","tag-libertad-avanza","tag-manuel-adorni","tag-mauricio-macri"],"_links":{"self":[{"href":"https:\/\/partediario.com.ar\/index.php?rest_route=\/wp\/v2\/posts\/12946","targetHints":{"allow":["GET"]}}],"collection":[{"href":"https:\/\/partediario.com.ar\/index.php?rest_route=\/wp\/v2\/posts"}],"about":[{"href":"https:\/\/partediario.com.ar\/index.php?rest_route=\/wp\/v2\/types\/post"}],"author":[{"embeddable":true,"href":"https:\/\/partediario.com.ar\/index.php?rest_route=\/wp\/v2\/users\/2"}],"replies":[{"embeddable":true,"href":"https:\/\/partediario.com.ar\/index.php?rest_route=%2Fwp%2Fv2%2Fcomments&post=12946"}],"version-history":[{"count":1,"href":"https:\/\/partediario.com.ar\/index.php?rest_route=\/wp\/v2\/posts\/12946\/revisions"}],"predecessor-version":[{"id":12948,"href":"https:\/\/partediario.com.ar\/index.php?rest_route=\/wp\/v2\/posts\/12946\/revisions\/12948"}],"wp:featuredmedia":[{"embeddable":true,"href":"https:\/\/partediario.com.ar\/index.php?rest_route=\/wp\/v2\/media\/12947"}],"wp:attachment":[{"href":"https:\/\/partediario.com.ar\/index.php?rest_route=%2Fwp%2Fv2%2Fmedia&parent=12946"}],"wp:term":[{"taxonomy":"category","embeddable":true,"href":"https:\/\/partediario.com.ar\/index.php?rest_route=%2Fwp%2Fv2%2Fcategories&post=12946"},{"taxonomy":"post_tag","embeddable":true,"href":"https:\/\/partediario.com.ar\/index.php?rest_route=%2Fwp%2Fv2%2Ftags&post=12946"}],"curies":[{"name":"wp","href":"https:\/\/api.w.org\/{rel}","templated":true}]}}