{"id":12964,"date":"2025-05-20T10:41:30","date_gmt":"2025-05-20T13:41:30","guid":{"rendered":"https:\/\/partediario.com.ar\/?p=12964"},"modified":"2025-05-21T14:16:27","modified_gmt":"2025-05-21T17:16:27","slug":"el-gobierno-elimino-la-oficina-que-investigaba-el-criptogate-libra","status":"publish","type":"post","link":"https:\/\/partediario.com.ar\/?p=12964","title":{"rendered":"El Gobierno elimin\u00f3 la oficina que investigaba el Criptogate $LIBRA"},"content":{"rendered":"\n<h2 class=\"wp-block-heading\">El Gobierno Nacional desactiv\u00f3 la Unidad de Tareas de Investigaci\u00f3n (UTI), creada por el presidente Javier Milei con el fin de examinar las denuncias sobre la \u201cdifusi\u00f3n\u201d de la criptomoneda $LIBRA, por haber cumplido con \u201cla tarea encomendada\u201d.<\/h2>\n\n\n\n<p>Esta decisi\u00f3n fue publicada en el Bolet\u00edn Oficial, esta madrugada, por medio del Decreto 332\/2025 firmado por el Presidente de la Naci\u00f3n y el ministro de Justicia, Mariano C\u00faneo Libarona.<\/p>\n\n\n\n<p>\u201cEl Gobierno considera que la informaci\u00f3n recopilada fue remitida al Ministerio P\u00fablico Fiscal y que la Unidad ha dado cumplimiento a la tarea encomendada por el Decreto N\u00b0114\/25\u201d, expresa el texto oficial.<\/p>\n\n\n\n<p>El pasado 14 de febrero, el memecoin fue promocionado por el Presidente de la Naci\u00f3n desde sus redes sociales personales y gener\u00f3 centenares de p\u00e9rdidas millonarias de las personas que invirtieron en la moneda digital.<\/p>\n\n\n\n<p>D\u00edas despu\u00e9s, el proyecto cay\u00f3 al mismo tiempo que sus creadores se retiraron del mismo y la criptomoneda perdi\u00f3 el valor que hab\u00edan anunciado; las personas damnificadas calificaron el hecho como una \u201cestafa virtual\u201d (rug pull), donde los creadores de una moneda cripto, abandonan el proyecto r\u00e1pidamente, tras quedarse con los fondos de quienes invirtieron.<\/p>\n\n\n\n<p>Mientras tanto, en Estados Unidos hay una demanda colectiva que acusa a Milei de llevar adelante \u201cuna promoci\u00f3n enga\u00f1osa\u201d; adem\u00e1s, es sindicado por haber actuado con \u201cnegligencia\u201d porque sin la difusi\u00f3n p\u00fablica que brind\u00f3, no se hubieran podido llevar a cabo dichas inversiones.<\/p>\n\n\n\n<p>A pesar del cierre de la UTI, la investigaci\u00f3n penal seguir\u00e1 en el Ministerio P\u00fablico Fiscal para saber si hubo delitos econ\u00f3micos o conflictos de intereses vinculados a funcionarios del Ejecutivo Nacional. Hasta ahora, no se publicaron datos ni informaci\u00f3n oficiales sobre lo investigado por la Unidad de Tareas.<\/p>\n","protected":false},"excerpt":{"rendered":"<p>El Gobierno Nacional desactiv&oacute; la Unidad de Tareas de Investigaci&oacute;n (UTI), creada por el presidente Javier Milei con el fin de examinar las denuncias sobre la &ldquo;difusi&oacute;n&rdquo; de la criptomoneda $LIBRA, por haber cumplido con &ldquo;la tarea encomendada&rdquo;. Esta decisi&oacute;n fue publicada en el Bolet&iacute;n Oficial, esta madrugada, por medio del Decreto 332\/2025 firmado por [&hellip;]<\/p>\n","protected":false},"author":2,"featured_media":12965,"comment_status":"open","ping_status":"open","sticky":false,"template":"","format":"standard","meta":{"footnotes":""},"categories":[979,5],"tags":[5322,5358,5997,224,2123,232,263,4567],"class_list":["post-12964","post","type-post","status-publish","format-standard","has-post-thumbnail","hentry","category-judiciales","category-nacionales","tag-libra-2","tag-criptogate","tag-elimino","tag-gobierno","tag-investigacion","tag-javier-milei","tag-karina-milei","tag-oficina"],"_links":{"self":[{"href":"https:\/\/partediario.com.ar\/index.php?rest_route=\/wp\/v2\/posts\/12964","targetHints":{"allow":["GET"]}}],"collection":[{"href":"https:\/\/partediario.com.ar\/index.php?rest_route=\/wp\/v2\/posts"}],"about":[{"href":"https:\/\/partediario.com.ar\/index.php?rest_route=\/wp\/v2\/types\/post"}],"author":[{"embeddable":true,"href":"https:\/\/partediario.com.ar\/index.php?rest_route=\/wp\/v2\/users\/2"}],"replies":[{"embeddable":true,"href":"https:\/\/partediario.com.ar\/index.php?rest_route=%2Fwp%2Fv2%2Fcomments&post=12964"}],"version-history":[{"count":1,"href":"https:\/\/partediario.com.ar\/index.php?rest_route=\/wp\/v2\/posts\/12964\/revisions"}],"predecessor-version":[{"id":12966,"href":"https:\/\/partediario.com.ar\/index.php?rest_route=\/wp\/v2\/posts\/12964\/revisions\/12966"}],"wp:featuredmedia":[{"embeddable":true,"href":"https:\/\/partediario.com.ar\/index.php?rest_route=\/wp\/v2\/media\/12965"}],"wp:attachment":[{"href":"https:\/\/partediario.com.ar\/index.php?rest_route=%2Fwp%2Fv2%2Fmedia&parent=12964"}],"wp:term":[{"taxonomy":"category","embeddable":true,"href":"https:\/\/partediario.com.ar\/index.php?rest_route=%2Fwp%2Fv2%2Fcategories&post=12964"},{"taxonomy":"post_tag","embeddable":true,"href":"https:\/\/partediario.com.ar\/index.php?rest_route=%2Fwp%2Fv2%2Ftags&post=12964"}],"curies":[{"name":"wp","href":"https:\/\/api.w.org\/{rel}","templated":true}]}}