{"id":12993,"date":"2025-05-21T14:04:08","date_gmt":"2025-05-21T17:04:08","guid":{"rendered":"https:\/\/partediario.com.ar\/?p=12993"},"modified":"2025-05-22T16:41:00","modified_gmt":"2025-05-22T19:41:00","slug":"milei-recibio-a-federico-susbieles-intendente-de-bahia-blanca-en-la-quinta-de-olivos","status":"publish","type":"post","link":"https:\/\/partediario.com.ar\/?p=12993","title":{"rendered":"Milei recibi\u00f3 a Federico Susbieles, intendente de Bah\u00eda Blanca en la quinta de Olivos"},"content":{"rendered":"\n<h2 class=\"wp-block-heading\">El presidente Javier Milei recibi\u00f3 esta ma\u00f1ana al intendente de Bah\u00eda Blanca, Federico Susbielles, en la quinta de Olivos para conversar sobre el estado de la ciudad tras las brutales inundaciones ocasionadas por el fuerte temporal que azot\u00f3 la zona.<\/h2>\n\n\n\n<p>Al t\u00e9rmino del intercambio, Susbialles public\u00f3 en su cuenta de X: \u201cMe reun\u00ed con el Presidente Javier Milei en la quinta de Olivos. Actualizamos la situaci\u00f3n de la ciudad luego de la cat\u00e1strofe y la marcha de la agenda de acompa\u00f1amiento trazada por el gobierno nacional\u201d.<\/p>\n\n\n\n<p><\/p>\n\n\n\n<blockquote class=\"twitter-tweet\"><p lang=\"es\" dir=\"ltr\">Me reun\u00ed con el Presidente <a href=\"https:\/\/twitter.com\/JMilei?ref_src=twsrc%5Etfw\">@JMilei<\/a> en la quinta de Olivos.<br><br>Actualizamos la situaci\u00f3n de la ciudad luego de la cat\u00e1strofe y la marcha de la agenda de acompa\u00f1amiento trazada por el gobierno nacional.<br><br>Agradezco el encuentro y la predisposici\u00f3n del primer mandatario.<br><br>Bahia\u2026<\/p>&mdash; Federico Susbielles (@fsusbielles) <a href=\"https:\/\/twitter.com\/fsusbielles\/status\/1925210124005572788?ref_src=twsrc%5Etfw\">May 21, 2025<\/a><\/blockquote> <script async src=\"https:\/\/platform.twitter.com\/widgets.js\" charset=\"utf-8\"><\/script>\n\n\n\n<p><\/p>\n\n\n\n<p>\u201cAgradezco el encuentro y la predisposici\u00f3n del primer mandatario. Bah\u00eda necesit\u00f3, necesita y necesitar\u00e1 del acompa\u00f1amiento de todos para salir adelante\u201d, finaliz\u00f3 en una publicaci\u00f3n sin fotos.<\/p>\n\n\n\n<p>Hasta ahora, la Oficina del Presidente no brind\u00f3 detalles del intercambio que fue adelantado por Milei durante la entrevista que brind\u00f3 el pasado martes en un programa televisivo, y que persigui\u00f3 el objetivo de supervisar los avances luego de los da\u00f1os ocasionados por las fuertes lluvias del 7 de marzo.<\/p>\n\n\n\n<p>El v\u00ednculo entre el intendente peronista y el libertario es bueno. En m\u00e1s de una oportunidad, el propio Milei lo expres\u00f3 y supo calificar al bahiense como \u201cun tipazo\u201d. Adem\u00e1s, destac\u00f3 el permanente contacto.<\/p>\n\n\n\n<p>Por su parte, Susbielles se\u00f1al\u00f3 el compromiso del libertario en la reconstrucci\u00f3n de la ciudad al que reconoci\u00f3 haberlo visto \u201cconmovido\u201d y \u201cperfil bajo\u201d durante la visita a Bah\u00eda Blanca.<\/p>\n\n\n\n<p>\u00abTenemos los 10.000 millones y el Presidente me confirm\u00f3 que est\u00e1n trabajando en el mandado de ayuda directa y destrabando fondos del BID para cat\u00e1strofes. Me dijo que no iba dejar sola a Bah\u00eda Blanca en la etapa de la reconstrucci\u00f3n\u201d, asegur\u00f3 Susbielles.<\/p>\n\n\n\n<p><\/p>\n","protected":false},"excerpt":{"rendered":"<p>El presidente Javier Milei recibi&oacute; esta ma&ntilde;ana al intendente de Bah&iacute;a Blanca, Federico Susbielles, en la quinta de Olivos para conversar sobre el estado de la ciudad tras las brutales inundaciones ocasionadas por el fuerte temporal que azot&oacute; la zona. Al t&eacute;rmino del intercambio, Susbialles public&oacute; en su cuenta de X: &ldquo;Me reun&iacute; con el [&hellip;]<\/p>\n","protected":false},"author":2,"featured_media":12994,"comment_status":"open","ping_status":"open","sticky":false,"template":"","format":"standard","meta":{"footnotes":""},"categories":[5,176],"tags":[3087,1082,5596,4055,232,2570,5710,2569],"class_list":["post-12993","post","type-post","status-publish","format-standard","has-post-thumbnail","hentry","category-nacionales","category-politica","tag-bahia-blanca","tag-bid","tag-federico-susbielles","tag-inundaciones","tag-javier-milei","tag-olivos","tag-prestamo","tag-quinta"],"_links":{"self":[{"href":"https:\/\/partediario.com.ar\/index.php?rest_route=\/wp\/v2\/posts\/12993","targetHints":{"allow":["GET"]}}],"collection":[{"href":"https:\/\/partediario.com.ar\/index.php?rest_route=\/wp\/v2\/posts"}],"about":[{"href":"https:\/\/partediario.com.ar\/index.php?rest_route=\/wp\/v2\/types\/post"}],"author":[{"embeddable":true,"href":"https:\/\/partediario.com.ar\/index.php?rest_route=\/wp\/v2\/users\/2"}],"replies":[{"embeddable":true,"href":"https:\/\/partediario.com.ar\/index.php?rest_route=%2Fwp%2Fv2%2Fcomments&post=12993"}],"version-history":[{"count":1,"href":"https:\/\/partediario.com.ar\/index.php?rest_route=\/wp\/v2\/posts\/12993\/revisions"}],"predecessor-version":[{"id":12995,"href":"https:\/\/partediario.com.ar\/index.php?rest_route=\/wp\/v2\/posts\/12993\/revisions\/12995"}],"wp:featuredmedia":[{"embeddable":true,"href":"https:\/\/partediario.com.ar\/index.php?rest_route=\/wp\/v2\/media\/12994"}],"wp:attachment":[{"href":"https:\/\/partediario.com.ar\/index.php?rest_route=%2Fwp%2Fv2%2Fmedia&parent=12993"}],"wp:term":[{"taxonomy":"category","embeddable":true,"href":"https:\/\/partediario.com.ar\/index.php?rest_route=%2Fwp%2Fv2%2Fcategories&post=12993"},{"taxonomy":"post_tag","embeddable":true,"href":"https:\/\/partediario.com.ar\/index.php?rest_route=%2Fwp%2Fv2%2Ftags&post=12993"}],"curies":[{"name":"wp","href":"https:\/\/api.w.org\/{rel}","templated":true}]}}