{"id":12996,"date":"2025-05-21T14:09:05","date_gmt":"2025-05-21T17:09:05","guid":{"rendered":"https:\/\/partediario.com.ar\/?p=12996"},"modified":"2025-05-22T16:40:57","modified_gmt":"2025-05-22T19:40:57","slug":"el-gobierno-degrada-la-secretaria-de-derechos-humanos-a-subsecretaria-y-anuncio-recortes-del-30-del-personal","status":"publish","type":"post","link":"https:\/\/partediario.com.ar\/?p=12996","title":{"rendered":"El Gobierno degrada la secretar\u00eda de Derechos Humanos a subsecretar\u00eda y anunci\u00f3 recortes del 30% del personal"},"content":{"rendered":"\n<h2 class=\"wp-block-heading\">El Gobierno Nacional anunci\u00f3 que la Secretar\u00eda de Derechos Humanos reducir\u00e1 la jerarqu\u00eda a una subsecretar\u00eda e indic\u00f3 que aplicar\u00e1n un recorte del 40% de la estructura y del 30% del personal.<\/h2>\n\n\n\n<p>El vocero presidencial, Manuel Adorni, fue el encargado de dar a conocer la medida en la habitual conferencia de prensa semanal.<\/p>\n\n\n\n<p>\u201cEl Ministerio de Justicia defini\u00f3 que la Secretar\u00eda de Derechos Humanos ser\u00e1 convertido en Subsecretar\u00eda de Derechos Humanos. De este modo, se va a recortar el 40% de la estructura y el 30% del personal, lo que implica un ahorro de 9.000 millones de pesos anuales\u201d, expres\u00f3.<\/p>\n\n\n\n<p>Y agreg\u00f3 que: \u00abLa cartera de Derechos Humanos, ahora s\u00ed, se va a encargar de garantizar todos los Derechos Humanos y no de defender un sector ideol\u00f3gico partidario\u00bb.<\/p>\n\n\n\n<p>Si bien no brind\u00f3 m\u00e1s detalles, el Ministerio de Justicia que conduce Mariano C\u00faneo Libarona, puntualiz\u00f3 que habr\u00e1 una reducci\u00f3n de un 50% en los cargos jer\u00e1rquicos y direcciones vigentes.<\/p>\n\n\n\n<p>\u201cEsta medida implica una reducci\u00f3n del 30% la dotaci\u00f3n, sin afectar las funciones del \u00e1rea\u201d, plante\u00f3, y acot\u00f3: \u201cDesde que asumimos, ya fueron despedidos 405 empleados militantes, lo que representa el 44% del personal recibido\u201d.<\/p>\n\n\n\n<p>Por su parte, fundament\u00f3 la medida: \u201cEl contexto actual exige el ana\u0301lisis y adopcio\u0301n de medidas urgentes para mejorar la estructura, funcionamiento y sustentabilidad del Estado\u201d.<\/p>\n\n\n\n<p>El vocero adelant\u00f3, que en el marco de las reformas, se unific\u00f3 el Archivo Nacional de la Memoria y el Museo de Sitio ESMA, unidades que pasar\u00e1n a ser coordinadas por el Centro Internacional para la Promoci\u00f3n de los Derechos Humanos (CIPDH).<\/p>\n\n\n\n<p>\u201cCada peso que se ahorra nos permite seguir bajando impuestos\u201d, se\u00f1alaron desde el Poder Ejecutivo.<\/p>\n\n\n\n<p>Noticia en desarrollo\u2026<\/p>\n","protected":false},"excerpt":{"rendered":"<p>El Gobierno Nacional anunci&oacute; que la Secretar&iacute;a de Derechos Humanos reducir&aacute; la jerarqu&iacute;a a una subsecretar&iacute;a e indic&oacute; que aplicar&aacute;n un recorte del 40% de la estructura y del 30% del personal. El vocero presidencial, Manuel Adorni, fue el encargado de dar a conocer la medida en la habitual conferencia de prensa semanal. &ldquo;El Ministerio [&hellip;]<\/p>\n","protected":false},"author":2,"featured_media":12997,"comment_status":"open","ping_status":"open","sticky":false,"template":"","format":"standard","meta":{"footnotes":""},"categories":[5,176],"tags":[6016,1317,1318,646,887],"class_list":["post-12996","post","type-post","status-publish","format-standard","has-post-thumbnail","hentry","category-nacionales","category-politica","tag-degradan","tag-derechos","tag-humanos","tag-manuel-adorni","tag-secretaria"],"_links":{"self":[{"href":"https:\/\/partediario.com.ar\/index.php?rest_route=\/wp\/v2\/posts\/12996","targetHints":{"allow":["GET"]}}],"collection":[{"href":"https:\/\/partediario.com.ar\/index.php?rest_route=\/wp\/v2\/posts"}],"about":[{"href":"https:\/\/partediario.com.ar\/index.php?rest_route=\/wp\/v2\/types\/post"}],"author":[{"embeddable":true,"href":"https:\/\/partediario.com.ar\/index.php?rest_route=\/wp\/v2\/users\/2"}],"replies":[{"embeddable":true,"href":"https:\/\/partediario.com.ar\/index.php?rest_route=%2Fwp%2Fv2%2Fcomments&post=12996"}],"version-history":[{"count":1,"href":"https:\/\/partediario.com.ar\/index.php?rest_route=\/wp\/v2\/posts\/12996\/revisions"}],"predecessor-version":[{"id":12998,"href":"https:\/\/partediario.com.ar\/index.php?rest_route=\/wp\/v2\/posts\/12996\/revisions\/12998"}],"wp:featuredmedia":[{"embeddable":true,"href":"https:\/\/partediario.com.ar\/index.php?rest_route=\/wp\/v2\/media\/12997"}],"wp:attachment":[{"href":"https:\/\/partediario.com.ar\/index.php?rest_route=%2Fwp%2Fv2%2Fmedia&parent=12996"}],"wp:term":[{"taxonomy":"category","embeddable":true,"href":"https:\/\/partediario.com.ar\/index.php?rest_route=%2Fwp%2Fv2%2Fcategories&post=12996"},{"taxonomy":"post_tag","embeddable":true,"href":"https:\/\/partediario.com.ar\/index.php?rest_route=%2Fwp%2Fv2%2Ftags&post=12996"}],"curies":[{"name":"wp","href":"https:\/\/api.w.org\/{rel}","templated":true}]}}