{"id":13009,"date":"2025-05-22T16:02:52","date_gmt":"2025-05-22T19:02:52","guid":{"rendered":"https:\/\/partediario.com.ar\/?p=13009"},"modified":"2025-05-23T20:14:32","modified_gmt":"2025-05-23T23:14:32","slug":"se-incrementa-el-2152-en-tres-tramos-el-boleto-de-los-colectivos-nacionales-del-amba","status":"publish","type":"post","link":"https:\/\/partediario.com.ar\/?p=13009","title":{"rendered":"Se incrementa el 21,52% en tres tramos el boleto de los colectivos nacionales del AMBA"},"content":{"rendered":"\n<h2 class=\"wp-block-heading\">El Gobierno autoriz\u00f3 un aumento del 21,52% en tres tramos para el boleto de los colectivos con jurisdicci\u00f3n nacional, que circulan por el \u00c1rea Metropolitana de Buenos Aires (AMBA), por medio de la Resoluci\u00f3n 28\/2025, publicada este jueves en el Bolet\u00edn Oficial.<\/h2>\n\n\n\n<p>El aumento autorizado por la Secretar\u00eda de Transporte se repartir\u00e1 entre mayo, junio y julio para aliviar el impacto, comenzar\u00e1 a regir este viernes 23 de mayo, la cual estar\u00e1 en el orden del 7%.<\/p>\n\n\n\n<p>La \u00faltima actualizaci\u00f3n tarifaria de los colectivos nacionales del AMBA hab\u00eda sido en agosto del 2024, lo que hab\u00eda producido un desfasaje con las l\u00edneas de jurisdicci\u00f3n bonaerense y porte\u00f1a que transitaban por el mismo territorio. Con los ajustes de los \u00faltimos meses, la brecha hab\u00eda escalado por encima del 10%.<\/p>\n\n\n\n<p>El nuevo aumento fue calculado a trav\u00e9s de un informe de la Subsecretar\u00eda de Transporte Automotor, en base al \u00cdndice de Precios al consumidor del Gran Buenos Aires (IPC Regi\u00f3n GBA), que a la fecha \u201cregistr\u00f3 una variaci\u00f3n acumulada del 30,5% para el per\u00edodo que comprende el \u00faltimo mes publicado respecto del mes anterior en que fue aprobada la tarifa (julio 2024 a abril 2025), lo que representa el tope m\u00e1ximo de actualizaci\u00f3n sobre el \u00faltimo cuadro tarifario aprobado\u201d.<\/p>\n\n\n\n<p>A partir de este indicador, se consider\u00f3 \u201cla conveniencia de actualizar las tarifas para los Servicios P\u00fablicos de Transporte de Pasajeros por Automotor de car\u00e1cter Urbano y Suburbano de Jurisdicci\u00f3n Nacional, proponiendo la aplicaci\u00f3n de 21,52%, distribuida en tres etapas, en los meses de mayo, junio y julio de 2025 a fin de morigerar su impacto en el p\u00fablico usuario\u201d.<\/p>\n\n\n\n<p>El aumento en el valor de los pasajes afecta a 103 l\u00edneas que est\u00e1n bajo la orbita del Ejecutivo nacional y transitan por el AMBA. El resto de los colectivos que recorren la Ciudad o la Provincia, mantendr\u00e1n por ahora el esquema de subas mensuales basado en la evoluci\u00f3n de la inflaci\u00f3n m\u00e1s un 2% adicional. As\u00ed, el pr\u00f3ximo aumento ser\u00e1 del 4,8% en junio.<\/p>\n\n\n\n<p>El boleto de los colectivos nacionales reci\u00e9n alcanzar\u00e1 el precio actual que tienen la l\u00edneas bonaerenses y porte\u00f1as en julio, con la aplicaci\u00f3n del \u00faltimo ajuste, pero con la continuidad de las actualizaciones en los de administraci\u00f3n provincial o capitalina, la brecha continuar\u00e1 existiendo.<\/p>\n\n\n\n<p class=\"has-medium-font-size\"><strong>Las tarifas que regir\u00e1n desde el 23 de mayo<\/strong><\/p>\n\n\n\n<p><strong>\u201cSuburbanas Grupo I\u201d (l\u00edneas que conectan la Ciudad de Buenos Aires con el primer y segundo cord\u00f3n del conurbano bonaerense)<\/strong><\/p>\n\n\n\n<p>0-3 km: $397,11 &#8211; SUBE sin nominar: $631,40<br>3-6 km: $442,38 &#8211; SUBE sin nominar: $703,38<br>6-12 km: $476,46 &#8211; SUBE sin nominar: $757,57<br>12-27 km: $510,57 &#8211; SUBE sin nominar: $811,81<br>M\u00e1s de 27 km: $544,45 &#8211; SUBE sin nominar: $865,68<\/p>\n\n\n\n<p><strong>\u201cSuburbanas Grupo II\u201d (l\u00edneas que van desde CABA hacia localidades m\u00e1s alejadas, como La Plata o Z\u00e1rate)<\/strong><\/p>\n\n\n\n<p>Terminal: $132,11 &#8211; SUBE sin nominar: $219,05<br>Base pasajero\/km: $20,18 &#8211; SUBE sin nominar: $32,09<br>Boleto m\u00ednimo: $522,46 &#8211; SUBE sin nominar: $830,71<br>Las tarifas desde el 18 de junio<\/p>\n\n\n\n<p><strong>Suburbanas Grupo I:<\/strong><\/p>\n\n\n\n<p>0-3 km: $424,91 &#8211; SUBE sin nominar: $675,61<br>3-6 km: $473,35 &#8211; SUBE sin nominar: $752,63<br>6-12 km: $509,81 &#8211; SUBE sin nominar: $810,60<br>12-27 km: $546,31 &#8211; SUBE sin nominar: $868,63<br>M\u00e1s de 27 km: $582,56 &#8211; SUBE sin nominar: $926,27<\/p>\n\n\n\n<p><strong>Suburbanas Grupo II:<\/strong><\/p>\n\n\n\n<p>Terminal: $141,36 &#8211; SUBE sin nominar: $219,05<br>Base pasajero\/km: $21,59 &#8211; SUBE sin nominar: $34,33<br>Boleto m\u00ednimo: $559,03 &#8211; SUBE sin nominar: $888,86<br>Las tarifas desde el 16 de julio<\/p>\n\n\n\n<p><strong>Suburbanas Grupo I:<\/strong><\/p>\n\n\n\n<p>0-3 km: $451,01 &#8211; SUBE sin nominar: $717,11<br>3-6 km: $502,43 &#8211; SUBE sin nominar: $798,86<br>6-12 km: $541,13 &#8211; SUBE sin nominar: $860,40<br>12-27 km: $579,87 &#8211; SUBE sin nominar: $921,99<br>M\u00e1s de 27 km: $618,35 &#8211; SUBE sin nominar: $983,18<\/p>\n\n\n\n<p><strong>Suburbanas Grupo II:<\/strong><\/p>\n\n\n\n<p>Terminal: $150,05 &#8211; SUBE sin nominar: $238,58<br>Base pasajero\/km: $22,92 &#8211; SUBE sin nominar: $36,44<br>Boleto m\u00ednimo: $593,37 &#8211; SUBE sin nominar: $943,46.<\/p>\n","protected":false},"excerpt":{"rendered":"<p>El Gobierno autoriz&oacute; un aumento del 21,52% en tres tramos para el boleto de los colectivos con jurisdicci&oacute;n nacional, que circulan por el &Aacute;rea Metropolitana de Buenos Aires (AMBA), por medio de la Resoluci&oacute;n 28\/2025, publicada este jueves en el Bolet&iacute;n Oficial. El aumento autorizado por la Secretar&iacute;a de Transporte se repartir&aacute; entre mayo, junio [&hellip;]<\/p>\n","protected":false},"author":2,"featured_media":13010,"comment_status":"open","ping_status":"open","sticky":false,"template":"","format":"standard","meta":{"footnotes":""},"categories":[5,176],"tags":[2186,622,1328,1478],"class_list":["post-13009","post","type-post","status-publish","format-standard","has-post-thumbnail","hentry","category-nacionales","category-politica","tag-amba","tag-aumento","tag-boleto","tag-colectivos"],"_links":{"self":[{"href":"https:\/\/partediario.com.ar\/index.php?rest_route=\/wp\/v2\/posts\/13009","targetHints":{"allow":["GET"]}}],"collection":[{"href":"https:\/\/partediario.com.ar\/index.php?rest_route=\/wp\/v2\/posts"}],"about":[{"href":"https:\/\/partediario.com.ar\/index.php?rest_route=\/wp\/v2\/types\/post"}],"author":[{"embeddable":true,"href":"https:\/\/partediario.com.ar\/index.php?rest_route=\/wp\/v2\/users\/2"}],"replies":[{"embeddable":true,"href":"https:\/\/partediario.com.ar\/index.php?rest_route=%2Fwp%2Fv2%2Fcomments&post=13009"}],"version-history":[{"count":1,"href":"https:\/\/partediario.com.ar\/index.php?rest_route=\/wp\/v2\/posts\/13009\/revisions"}],"predecessor-version":[{"id":13011,"href":"https:\/\/partediario.com.ar\/index.php?rest_route=\/wp\/v2\/posts\/13009\/revisions\/13011"}],"wp:featuredmedia":[{"embeddable":true,"href":"https:\/\/partediario.com.ar\/index.php?rest_route=\/wp\/v2\/media\/13010"}],"wp:attachment":[{"href":"https:\/\/partediario.com.ar\/index.php?rest_route=%2Fwp%2Fv2%2Fmedia&parent=13009"}],"wp:term":[{"taxonomy":"category","embeddable":true,"href":"https:\/\/partediario.com.ar\/index.php?rest_route=%2Fwp%2Fv2%2Fcategories&post=13009"},{"taxonomy":"post_tag","embeddable":true,"href":"https:\/\/partediario.com.ar\/index.php?rest_route=%2Fwp%2Fv2%2Ftags&post=13009"}],"curies":[{"name":"wp","href":"https:\/\/api.w.org\/{rel}","templated":true}]}}