{"id":13028,"date":"2025-05-22T16:40:24","date_gmt":"2025-05-22T19:40:24","guid":{"rendered":"https:\/\/partediario.com.ar\/?p=13028"},"modified":"2025-05-23T20:14:02","modified_gmt":"2025-05-23T23:14:02","slug":"la-cgt-recurrira-a-la-justicia-por-el-nuevo-decreto-del-gobierno-sobre-el-derecho-de-huelga","status":"publish","type":"post","link":"https:\/\/partediario.com.ar\/?p=13028","title":{"rendered":"La CGT recurrir\u00e1 a la Justicia por el nuevo decreto del Gobierno sobre el derecho de huelga"},"content":{"rendered":"\n<h2 class=\"wp-block-heading\">El secretario adjunto de la Confederaci\u00f3n General del Trabajo (CGT), Andr\u00e9s Rodr\u00edguez (UPCN), asegur\u00f3 hoy que la central sindical \u201cva a recurrir a la Justicia\u201d, para impugnar la decisi\u00f3n del Gobierno nacional de limitar a trav\u00e9s de un decreto \u201cel derecho de huelga\u201d en actividades que desde ahora son consideradas \u201cesenciales\u201d.<\/h2>\n\n\n\n<p>Rodr\u00edguez, titular de la Uni\u00f3n del Personal Civil de la Naci\u00f3n (UPCN), se\u00f1al\u00f3 que el decreto 340\/2025 publicado ayer en el Bolet\u00edn Oficial \u00abes una limitaci\u00f3n total al Derecho de Huelga que est\u00e1 en la Constituci\u00f3n nacional y en normativas internacionales\u201d, y afirm\u00f3 que \u201ces revivir el DNU 70\/23\u00bb que est\u00e1 paralizado por una cautelar judicial.<\/p>\n\n\n\n<p>\u00abNosotros vamos a volver a recurrir a la Justicia, estamos preparando la impugnaci\u00f3n para presentar\u00bb, anticip\u00f3 el gremialista estatal, e indic\u00f3 que \u00abel Derecho de Huelga es un elemento que tienen los trabajadores cuando no hay di\u00e1logo, como est\u00e1 pasando ahora. Es un elemento constitucional y hace a las normas institucionales\u00bb, destac\u00f3.<\/p>\n\n\n\n<p>En declaraciones radiales, el gremialista asever\u00f3 que desde el Gobierno \u201cest\u00e1n intentando generar un clima adverso y que confunde\u00bb, y destac\u00f3 que \u201cel Derecho de Huelga no se puede vulnerar porque s\u00ed, y es lo que est\u00e1 pasando ahora\u00bb.<\/p>\n\n\n\n<p>Afirm\u00f3 adem\u00e1s que desde la CGT se viene reclamando \u201cla necesidad de una mesa de di\u00e1logo y no pasa\u00bb, porque \u201cnadie nos convoc\u00f3 a dialogar\u00bb, y record\u00f3 que la central obrera acaba de \u201cterminar un plan de lucha por la p\u00e9rdida de nivel de ingreso donde se obliga a aumentar salarios por debajo de la inflaci\u00f3n, y que culmin\u00f3 con un paro nacional\u00bb.<\/p>\n\n\n\n<p>Rodr\u00edguez adelant\u00f3 que ante la publicaci\u00f3n de un nuevo decreto \u00abvamos a repetir la acci\u00f3n en la Justicia como con el Decreto 70\/23\u00bb que fue impugnado por la CGT y obtuvo una medida judicial favorable que paraliz\u00f3 los \u00edtems de esa medida que afectaban las relaciones laborales.<\/p>\n\n\n\n<p>cabe se\u00f1alar que el DNU 340\/2025 publicado ayer por el Poder Ejecutivo, limit\u00f3 el derecho de huelga en actividades consideradas esenciales que a partir de ahora deber\u00e1n garantizar de manera obligatoria un funcionamiento de entre 50 y 75% en caso de estar en conflicto sindical.<\/p>\n\n\n\n<p>La norma incluye en este segmento a los servicios sanitarios y hospitalarios; transporte y distribuci\u00f3n de medicamentos e insumos hospitalarios; servicios farmac\u00e9uticos; producci\u00f3n, transporte, distribuci\u00f3n y comercializaci\u00f3n de agua potable, gas, otros combustibles y energ\u00eda el\u00e9ctrica; y servicios de telecomunicaciones, incluidos internet y comunicaciones satelitales.<\/p>\n\n\n\n<p>De igual formar quedaron incluidos en el decreto la aeron\u00e1utica comercial y el control del tr\u00e1fico a\u00e9reo y portuario; servicios aduaneros y migratorios; el cuidado de menores y la educaci\u00f3n en los niveles de guarder\u00eda, preescolar, primaria, secundaria y educaci\u00f3n especial; y el transporte mar\u00edtimo y fluvial de personas, mercader\u00edas y carga, entre otros.<\/p>\n","protected":false},"excerpt":{"rendered":"<p>El secretario adjunto de la Confederaci&oacute;n General del Trabajo (CGT), Andr&eacute;s Rodr&iacute;guez (UPCN), asegur&oacute; hoy que la central sindical &ldquo;va a recurrir a la Justicia&rdquo;, para impugnar la decisi&oacute;n del Gobierno nacional de limitar a trav&eacute;s de un decreto &ldquo;el derecho de huelga&rdquo; en actividades que desde ahora son consideradas &ldquo;esenciales&rdquo;. Rodr&iacute;guez, titular de la [&hellip;]<\/p>\n","protected":false},"author":2,"featured_media":13029,"comment_status":"open","ping_status":"open","sticky":false,"template":"","format":"standard","meta":{"footnotes":""},"categories":[978,5,176],"tags":[6032,226,4687,224,2943,772,1921],"class_list":["post-13028","post","type-post","status-publish","format-standard","has-post-thumbnail","hentry","category-gremiales","category-nacionales","category-politica","tag-andres-rodriguez","tag-cgt","tag-derecho","tag-gobierno","tag-huelga","tag-justicia","tag-upcn"],"_links":{"self":[{"href":"https:\/\/partediario.com.ar\/index.php?rest_route=\/wp\/v2\/posts\/13028","targetHints":{"allow":["GET"]}}],"collection":[{"href":"https:\/\/partediario.com.ar\/index.php?rest_route=\/wp\/v2\/posts"}],"about":[{"href":"https:\/\/partediario.com.ar\/index.php?rest_route=\/wp\/v2\/types\/post"}],"author":[{"embeddable":true,"href":"https:\/\/partediario.com.ar\/index.php?rest_route=\/wp\/v2\/users\/2"}],"replies":[{"embeddable":true,"href":"https:\/\/partediario.com.ar\/index.php?rest_route=%2Fwp%2Fv2%2Fcomments&post=13028"}],"version-history":[{"count":1,"href":"https:\/\/partediario.com.ar\/index.php?rest_route=\/wp\/v2\/posts\/13028\/revisions"}],"predecessor-version":[{"id":13030,"href":"https:\/\/partediario.com.ar\/index.php?rest_route=\/wp\/v2\/posts\/13028\/revisions\/13030"}],"wp:featuredmedia":[{"embeddable":true,"href":"https:\/\/partediario.com.ar\/index.php?rest_route=\/wp\/v2\/media\/13029"}],"wp:attachment":[{"href":"https:\/\/partediario.com.ar\/index.php?rest_route=%2Fwp%2Fv2%2Fmedia&parent=13028"}],"wp:term":[{"taxonomy":"category","embeddable":true,"href":"https:\/\/partediario.com.ar\/index.php?rest_route=%2Fwp%2Fv2%2Fcategories&post=13028"},{"taxonomy":"post_tag","embeddable":true,"href":"https:\/\/partediario.com.ar\/index.php?rest_route=%2Fwp%2Fv2%2Ftags&post=13028"}],"curies":[{"name":"wp","href":"https:\/\/api.w.org\/{rel}","templated":true}]}}