{"id":13091,"date":"2025-05-27T18:16:27","date_gmt":"2025-05-27T21:16:27","guid":{"rendered":"https:\/\/partediario.com.ar\/?p=13091"},"modified":"2025-05-28T11:53:14","modified_gmt":"2025-05-28T14:53:14","slug":"guillermo-michel-critico-a-javier-milei-la-verdadera-libertad-es-tener-trabajo-o-blanquear-dolares-cuestiono","status":"publish","type":"post","link":"https:\/\/partediario.com.ar\/?p=13091","title":{"rendered":"Guillermo Michel critic\u00f3 a Javier Milei: \u00ab\u00bfLa verdadera libertad es tener trabajo o blanquear d\u00f3lares?\u00bb, cuestion\u00f3"},"content":{"rendered":"\n<h2 class=\"wp-block-heading\">El dirigente entrerriano Guillermo Michel critic\u00f3 duramente el modelo econ\u00f3mico del presidente Javier Milei y alert\u00f3 sobre los efectos regresivos de las medidas implementadas por el Gobierno, al tiempo que puso en duda la definici\u00f3n oficialista de libertad.<\/h2>\n\n\n\n<p>\u201cNadie puede estar en contra de la libertad, lo que hay que definir es: \u00bfCu\u00e1l es el concepto de libertad? \u00bfLa verdadera libertad es tener un trabajo digno, poder adquisitivo y educaci\u00f3n o poder blanquear 50 mil d\u00f3lares?\u201d, destac\u00f3 Michel.<\/p>\n\n\n\n<p>El ex director de la Aduana apunt\u00f3 adem\u00e1s contra el impacto de la pol\u00edtica comercial sobre las econom\u00edas regionales: \u201cAnd\u00e1 a preguntarle a un productor de cerdo en Entre R\u00edos si la libertad es blanquear d\u00f3lares o que no le entren cerdos de Brasil; o a los productores de citrus del norte de la provincia, si libertad es tener un plazo fijo de 100 millones de pesos o que te sigan metiendo naranjas de Egipto\u201d.<\/p>\n\n\n\n<p>Michel subray\u00f3 adem\u00e1s sobre el deterioro de las cuentas externas y el uso de reservas para sostener el programa econ\u00f3mico. \u201cEstamos en plena cosecha gruesa y no acumulamos un solo d\u00f3lar, lo que arrastra un problema en la balanza comercial. De enero a abril las exportaciones crecieron un 5% y las importaciones un 75%, este modelo va camino al desplome del super\u00e1vit comercial\u201d, asegur\u00f3.<\/p>\n\n\n\n<p>Asimismo, indic\u00f3 que el Gobierno \u201cbusca d\u00f3lares por donde puede\u201d y cuestion\u00f3 la estrategia de apelar al ahorro privado: \u201cBuscan que la gente saque la plata del colch\u00f3n para poder sostener este programa econ\u00f3mico\u201d.<\/p>\n\n\n\n<p>\u201cEl Gobierno no tiene m\u00e1s fuentes genuinas de d\u00f3lares, porque las exportaciones no traccionan. Prometieron bajar impuestos y subieron Ganancias, eliminaron la devoluci\u00f3n del IVA y subieron el impuesto a los combustibles. Hicieron todo lo contrario a lo que prometieron en campa\u00f1a\u201d, dispar\u00f3.<\/p>\n\n\n\n<p>Finalizando, Michel consider\u00f3 que las medidas tributarias impulsadas por la gesti\u00f3n libertaria \u201cs\u00f3lo beneficiaron a un n\u00facleo chico de contribuyentes\u201d.<\/p>\n","protected":false},"excerpt":{"rendered":"<p>El dirigente entrerriano Guillermo Michel critic&oacute; duramente el modelo econ&oacute;mico del presidente Javier Milei y alert&oacute; sobre los efectos regresivos de las medidas implementadas por el Gobierno, al tiempo que puso en duda la definici&oacute;n oficialista de libertad. &ldquo;Nadie puede estar en contra de la libertad, lo que hay que definir es: &iquest;Cu&aacute;l es el [&hellip;]<\/p>\n","protected":false},"author":2,"featured_media":13092,"comment_status":"open","ping_status":"open","sticky":false,"template":"","format":"standard","meta":{"footnotes":""},"categories":[5,176],"tags":[1461,3560,232],"class_list":["post-13091","post","type-post","status-publish","format-standard","has-post-thumbnail","hentry","category-nacionales","category-politica","tag-criticas","tag-guillermo-michel","tag-javier-milei"],"_links":{"self":[{"href":"https:\/\/partediario.com.ar\/index.php?rest_route=\/wp\/v2\/posts\/13091","targetHints":{"allow":["GET"]}}],"collection":[{"href":"https:\/\/partediario.com.ar\/index.php?rest_route=\/wp\/v2\/posts"}],"about":[{"href":"https:\/\/partediario.com.ar\/index.php?rest_route=\/wp\/v2\/types\/post"}],"author":[{"embeddable":true,"href":"https:\/\/partediario.com.ar\/index.php?rest_route=\/wp\/v2\/users\/2"}],"replies":[{"embeddable":true,"href":"https:\/\/partediario.com.ar\/index.php?rest_route=%2Fwp%2Fv2%2Fcomments&post=13091"}],"version-history":[{"count":1,"href":"https:\/\/partediario.com.ar\/index.php?rest_route=\/wp\/v2\/posts\/13091\/revisions"}],"predecessor-version":[{"id":13093,"href":"https:\/\/partediario.com.ar\/index.php?rest_route=\/wp\/v2\/posts\/13091\/revisions\/13093"}],"wp:featuredmedia":[{"embeddable":true,"href":"https:\/\/partediario.com.ar\/index.php?rest_route=\/wp\/v2\/media\/13092"}],"wp:attachment":[{"href":"https:\/\/partediario.com.ar\/index.php?rest_route=%2Fwp%2Fv2%2Fmedia&parent=13091"}],"wp:term":[{"taxonomy":"category","embeddable":true,"href":"https:\/\/partediario.com.ar\/index.php?rest_route=%2Fwp%2Fv2%2Fcategories&post=13091"},{"taxonomy":"post_tag","embeddable":true,"href":"https:\/\/partediario.com.ar\/index.php?rest_route=%2Fwp%2Fv2%2Ftags&post=13091"}],"curies":[{"name":"wp","href":"https:\/\/api.w.org\/{rel}","templated":true}]}}