{"id":13097,"date":"2025-05-27T18:26:23","date_gmt":"2025-05-27T21:26:23","guid":{"rendered":"https:\/\/partediario.com.ar\/?p=13097"},"modified":"2025-05-28T11:53:07","modified_gmt":"2025-05-28T14:53:07","slug":"sobre-karina-milei-entiende-muchisimo-mas-de-lo-que-cualquiera-puede-creer-expreso-ritondo","status":"publish","type":"post","link":"https:\/\/partediario.com.ar\/?p=13097","title":{"rendered":"Sobre Karina Milei: \u00abEntiende much\u00edsimo m\u00e1s de lo que cualquiera puede creer\u00bb, expres\u00f3 Ritondo"},"content":{"rendered":"\n<h2 class=\"wp-block-heading\">El diputado y jefe del bloque PRO, Cristian Ritondo, ponder\u00f3 hoy la figura de la secretaria General de la Presidencia, Karina Milei, en la negociaci\u00f3n entre el partido y La Libertad Avanza de cara a la casi segura alianza en las elecciones legislativas bonaerenses y nacionales.<\/h2>\n\n\n\n<p>\u00abConmigo tiene una excelente relaci\u00f3n; es muy clara, concisa, entiende much\u00edsimo m\u00e1s de lo que cualquiera puede creer porque capaz que no habla mucho p\u00fablicamente, pero con total honestidad entiende a d\u00f3nde tenemos que ir y por qu\u00e9 tenemos que ir juntos\u00bb, se\u00f1al\u00f3 Ritondo.<\/p>\n\n\n\n<p>Consultado sobre el acuerdo que avanza de cara a los comicios de septiembre en Buenos Aires y en octubre a nivel nacional, Ritondo manifest\u00f3 en declaraciones radiales: \u00abLa gente no est\u00e1 pidiendo ir unidos, que es venir a hacer lo mismo que venimos haciendo en el Congreso\u00bb.<\/p>\n\n\n\n<p>Sobre los detalles de la negociaci\u00f3n, el legislador se\u00f1al\u00f3 que lo m\u00e1s importante es que ambos espacios vayan juntos y que \u00abno importa esta discusi\u00f3n que dan sobre los carteles\u00bb y los colores.<\/p>\n\n\n\n<p>Y agreg\u00f3 que a\u00fan no se defini\u00f3 la forma en la que se sellar\u00e1 el acuerdo entre el PRO y LLA y destac\u00f3: \u00abEstamos enfocados en lograr lo mejor del acuerdo que nos permita, en septiembre y en octubre, tener boletas muy competitivas\u00bb.<\/p>\n\n\n\n<p>\u00abSeguramente los detalles los vamos a seguir cubriendo, m\u00e1s atr\u00e1s tenemos tiempo. Lo importante ac\u00e1 es que hay un acuerdo y sabemos que la importancia que tiene tanto La Libertad Avanza como el PRO para ganar en la provincia\u00bb, cerr\u00f3 Ritondo.<\/p>\n","protected":false},"excerpt":{"rendered":"<p>El diputado y jefe del bloque PRO, Cristian Ritondo, ponder&oacute; hoy la figura de la secretaria General de la Presidencia, Karina Milei, en la negociaci&oacute;n entre el partido y La Libertad Avanza de cara a la casi segura alianza en las elecciones legislativas bonaerenses y nacionales. &laquo;Conmigo tiene una excelente relaci&oacute;n; es muy clara, concisa, [&hellip;]<\/p>\n","protected":false},"author":2,"featured_media":13098,"comment_status":"open","ping_status":"open","sticky":false,"template":"","format":"standard","meta":{"footnotes":""},"categories":[5,176],"tags":[1108,721,3151,263,496],"class_list":["post-13097","post","type-post","status-publish","format-standard","has-post-thumbnail","hentry","category-nacionales","category-politica","tag-acuerdo","tag-buenos-aires","tag-cristian-ritondo","tag-karina-milei","tag-provincia"],"_links":{"self":[{"href":"https:\/\/partediario.com.ar\/index.php?rest_route=\/wp\/v2\/posts\/13097","targetHints":{"allow":["GET"]}}],"collection":[{"href":"https:\/\/partediario.com.ar\/index.php?rest_route=\/wp\/v2\/posts"}],"about":[{"href":"https:\/\/partediario.com.ar\/index.php?rest_route=\/wp\/v2\/types\/post"}],"author":[{"embeddable":true,"href":"https:\/\/partediario.com.ar\/index.php?rest_route=\/wp\/v2\/users\/2"}],"replies":[{"embeddable":true,"href":"https:\/\/partediario.com.ar\/index.php?rest_route=%2Fwp%2Fv2%2Fcomments&post=13097"}],"version-history":[{"count":1,"href":"https:\/\/partediario.com.ar\/index.php?rest_route=\/wp\/v2\/posts\/13097\/revisions"}],"predecessor-version":[{"id":13099,"href":"https:\/\/partediario.com.ar\/index.php?rest_route=\/wp\/v2\/posts\/13097\/revisions\/13099"}],"wp:featuredmedia":[{"embeddable":true,"href":"https:\/\/partediario.com.ar\/index.php?rest_route=\/wp\/v2\/media\/13098"}],"wp:attachment":[{"href":"https:\/\/partediario.com.ar\/index.php?rest_route=%2Fwp%2Fv2%2Fmedia&parent=13097"}],"wp:term":[{"taxonomy":"category","embeddable":true,"href":"https:\/\/partediario.com.ar\/index.php?rest_route=%2Fwp%2Fv2%2Fcategories&post=13097"},{"taxonomy":"post_tag","embeddable":true,"href":"https:\/\/partediario.com.ar\/index.php?rest_route=%2Fwp%2Fv2%2Ftags&post=13097"}],"curies":[{"name":"wp","href":"https:\/\/api.w.org\/{rel}","templated":true}]}}