{"id":13103,"date":"2025-05-27T18:56:10","date_gmt":"2025-05-27T21:56:10","guid":{"rendered":"https:\/\/partediario.com.ar\/?p=13103"},"modified":"2025-05-28T11:52:59","modified_gmt":"2025-05-28T14:52:59","slug":"jueza-makintach-luego-del-escandalo-se-llevara-adelante-una-nueva-audiencia-para-definir-como-sigue-el-juicio-por-la-muerte-de-maradona","status":"publish","type":"post","link":"https:\/\/partediario.com.ar\/?p=13103","title":{"rendered":"Jueza Makintach: luego del esc\u00e1ndalo se llevar\u00e1 adelante una nueva audiencia para definir c\u00f3mo sigue el juicio por la muerte de Maradona"},"content":{"rendered":"\n<h2 class=\"wp-block-heading\">El Tribunal Oral en lo Criminal N\u00b03 de San Isidro di a conocer que el pr\u00f3ximo jueves se resolver\u00e1 como continuar\u00e1 el juicio por la muerte del astro futbol\u00edstico argentino.<\/h2>\n\n\n\n<p>La definici\u00f3n se dar\u00e1 tras la pol\u00e9mica por la participaci\u00f3n de la jueza Julieta Makintach en una documental, quien fue apartada del proceso por decisi\u00f3n de sus pares.<\/p>\n\n\n\n<p>Seg\u00fan trascendi\u00f3, la resoluci\u00f3n marcar\u00e1 un punto clave en la causa que investiga las presuntas responsabilidades m\u00e9dicas en el fallecimiento del \u00eddolo argentino, ocurrido el 25 de noviembre de 2020.<\/p>\n\n\n\n<p>Noticia en desarrollo\u2026<\/p>\n","protected":false},"excerpt":{"rendered":"<p>El Tribunal Oral en lo Criminal N&deg;3 de San Isidro di a conocer que el pr&oacute;ximo jueves se resolver&aacute; como continuar&aacute; el juicio por la muerte del astro futbol&iacute;stico argentino. La definici&oacute;n se dar&aacute; tras la pol&eacute;mica por la participaci&oacute;n de la jueza Julieta Makintach en una documental, quien fue apartada del proceso por decisi&oacute;n [&hellip;]<\/p>\n","protected":false},"author":2,"featured_media":13104,"comment_status":"open","ping_status":"open","sticky":false,"template":"","format":"standard","meta":{"footnotes":""},"categories":[979,5],"tags":[4387,2012,5661,6070,908],"class_list":["post-13103","post","type-post","status-publish","format-standard","has-post-thumbnail","hentry","category-judiciales","category-nacionales","tag-diego-maradona","tag-escandalo","tag-jueza","tag-makintach","tag-muerte"],"_links":{"self":[{"href":"https:\/\/partediario.com.ar\/index.php?rest_route=\/wp\/v2\/posts\/13103","targetHints":{"allow":["GET"]}}],"collection":[{"href":"https:\/\/partediario.com.ar\/index.php?rest_route=\/wp\/v2\/posts"}],"about":[{"href":"https:\/\/partediario.com.ar\/index.php?rest_route=\/wp\/v2\/types\/post"}],"author":[{"embeddable":true,"href":"https:\/\/partediario.com.ar\/index.php?rest_route=\/wp\/v2\/users\/2"}],"replies":[{"embeddable":true,"href":"https:\/\/partediario.com.ar\/index.php?rest_route=%2Fwp%2Fv2%2Fcomments&post=13103"}],"version-history":[{"count":1,"href":"https:\/\/partediario.com.ar\/index.php?rest_route=\/wp\/v2\/posts\/13103\/revisions"}],"predecessor-version":[{"id":13105,"href":"https:\/\/partediario.com.ar\/index.php?rest_route=\/wp\/v2\/posts\/13103\/revisions\/13105"}],"wp:featuredmedia":[{"embeddable":true,"href":"https:\/\/partediario.com.ar\/index.php?rest_route=\/wp\/v2\/media\/13104"}],"wp:attachment":[{"href":"https:\/\/partediario.com.ar\/index.php?rest_route=%2Fwp%2Fv2%2Fmedia&parent=13103"}],"wp:term":[{"taxonomy":"category","embeddable":true,"href":"https:\/\/partediario.com.ar\/index.php?rest_route=%2Fwp%2Fv2%2Fcategories&post=13103"},{"taxonomy":"post_tag","embeddable":true,"href":"https:\/\/partediario.com.ar\/index.php?rest_route=%2Fwp%2Fv2%2Ftags&post=13103"}],"curies":[{"name":"wp","href":"https:\/\/api.w.org\/{rel}","templated":true}]}}