{"id":13114,"date":"2025-05-28T11:46:28","date_gmt":"2025-05-28T14:46:28","guid":{"rendered":"https:\/\/partediario.com.ar\/?p=13114"},"modified":"2025-05-29T09:03:17","modified_gmt":"2025-05-29T12:03:17","slug":"villarruel-designo-en-el-senado-a-un-ex-militar-que-habia-ordenado-destruir-material-probatorio-de-la-dictadura","status":"publish","type":"post","link":"https:\/\/partediario.com.ar\/?p=13114","title":{"rendered":"Villarruel design\u00f3 en el Senado a un ex militar que hab\u00eda ordenado destruir material probatorio de la dictadura"},"content":{"rendered":"\n<h2 class=\"wp-block-heading\">La vicepresidenta Victoria Villarruel oficializ\u00f3 en las ultimas horas la designaci\u00f3n en el Senado de Juan Manuel Gestoso Presas como subdirector general de Control de Auditor\u00eda y Control de Gesti\u00f3n, un ex militar que hab\u00eda ordenado destruir dos libros de la guardia del Hospital Militar de Salta en el que se hab\u00edan registrado nacimientos entre principios de los &#8217;70 hasta mediados los &#8217;90.<\/h2>\n\n\n\n<p>Seg\u00fan se supo de fuentes judiciales al tanto del expediente que, curiosamente, tuvo circulaci\u00f3n con pedido de reserva en los d\u00edas previos a la formalizaci\u00f3n que Villarruel hizo ayer mediante el decreto 0306\/25. Gestoso Presas asumir\u00e1 el 1 de junio.<\/p>\n\n\n\n<p>Los fiscales a cargo del caso le imputaban a Gestoso Presas y Carlos Fernando Tozzeto Arias, director del Hospital, un delito conexo a cr\u00edmenes de lesa humanidad por el intento de destrucci\u00f3n de ese tipo de material probatorio, no obstante en 2014 el Tribunal Oral Federal de Salta consider\u00f3 que no cometieron un delito de lesa humanidad y fueron sobrese\u00eddos \u00abpor prescripci\u00f3n de la acci\u00f3n penal\u00bb.<\/p>\n\n\n\n<p>El 15 de mayo de 2008, Tozzeto Arias encontr\u00f3 dos libros -en supuesto mal estado- en el lavadero del Hospital Militar de Salta y se los entreg\u00f3 a Gestoso Presas para que considerara si hab\u00eda informaci\u00f3n importante; \u00e9ste recept\u00f3 el pedido pero le encarg\u00f3 quemar el material al capit\u00e1n Silvio Manino.<\/p>\n\n\n\n<p>Manino simul\u00f3 ejecutar la orden pero, los guard\u00f3 en su casa y tiempo despu\u00e9s los present\u00f3 al Ministerio de Defensa que, por entonces, era conducido por la ministra Nilda Garr\u00e9, quien inici\u00f3 una denuncia penal y un sumario interno.<\/p>\n\n\n\n<p>Despu\u00e9s que se conociera la historia, tanto Tozzeto Arias como Gestoso Presas fueron pasados a retiro.<\/p>\n\n\n\n<p>Una de las particularidades del caso es que Gestoso Presas, en ese momento, era jefe de la Compa\u00f1\u00eda de Inteligencia 5: el gusto por la inteligencia parecer\u00eda ser un patr\u00f3n en el caso de Villarruel a la hora de elegir sus colaboradores, ya que entre sus principales asesores se encuentra Claudio Gallardo, quien fuera el hombre en inteligencia de C\u00e9sar Milani.<\/p>\n","protected":false},"excerpt":{"rendered":"<p>La vicepresidenta Victoria Villarruel oficializ&oacute; en las ultimas horas la designaci&oacute;n en el Senado de Juan Manuel Gestoso Presas como subdirector general de Control de Auditor&iacute;a y Control de Gesti&oacute;n, un ex militar que hab&iacute;a ordenado destruir dos libros de la guardia del Hospital Militar de Salta en el que se hab&iacute;an registrado nacimientos entre [&hellip;]<\/p>\n","protected":false},"author":2,"featured_media":10890,"comment_status":"open","ping_status":"open","sticky":false,"template":"","format":"standard","meta":{"footnotes":""},"categories":[5,176],"tags":[6080,6081,233],"class_list":["post-13114","post","type-post","status-publish","format-standard","has-post-thumbnail","hentry","category-nacionales","category-politica","tag-ex-militar","tag-juan-manuel-gestoso-presas","tag-victoria-villarruel"],"_links":{"self":[{"href":"https:\/\/partediario.com.ar\/index.php?rest_route=\/wp\/v2\/posts\/13114","targetHints":{"allow":["GET"]}}],"collection":[{"href":"https:\/\/partediario.com.ar\/index.php?rest_route=\/wp\/v2\/posts"}],"about":[{"href":"https:\/\/partediario.com.ar\/index.php?rest_route=\/wp\/v2\/types\/post"}],"author":[{"embeddable":true,"href":"https:\/\/partediario.com.ar\/index.php?rest_route=\/wp\/v2\/users\/2"}],"replies":[{"embeddable":true,"href":"https:\/\/partediario.com.ar\/index.php?rest_route=%2Fwp%2Fv2%2Fcomments&post=13114"}],"version-history":[{"count":1,"href":"https:\/\/partediario.com.ar\/index.php?rest_route=\/wp\/v2\/posts\/13114\/revisions"}],"predecessor-version":[{"id":13115,"href":"https:\/\/partediario.com.ar\/index.php?rest_route=\/wp\/v2\/posts\/13114\/revisions\/13115"}],"wp:featuredmedia":[{"embeddable":true,"href":"https:\/\/partediario.com.ar\/index.php?rest_route=\/wp\/v2\/media\/10890"}],"wp:attachment":[{"href":"https:\/\/partediario.com.ar\/index.php?rest_route=%2Fwp%2Fv2%2Fmedia&parent=13114"}],"wp:term":[{"taxonomy":"category","embeddable":true,"href":"https:\/\/partediario.com.ar\/index.php?rest_route=%2Fwp%2Fv2%2Fcategories&post=13114"},{"taxonomy":"post_tag","embeddable":true,"href":"https:\/\/partediario.com.ar\/index.php?rest_route=%2Fwp%2Fv2%2Ftags&post=13114"}],"curies":[{"name":"wp","href":"https:\/\/api.w.org\/{rel}","templated":true}]}}