{"id":13116,"date":"2025-05-28T11:51:49","date_gmt":"2025-05-28T14:51:49","guid":{"rendered":"https:\/\/partediario.com.ar\/?p=13116"},"modified":"2025-05-29T09:03:12","modified_gmt":"2025-05-29T12:03:12","slug":"cristian-larsen-presento-su-renuncia-indeclinable-a-la-administracion-de-parques-nacionales","status":"publish","type":"post","link":"https:\/\/partediario.com.ar\/?p=13116","title":{"rendered":"Cristian Larsen present\u00f3 su renuncia \u00abindeclinable\u00bb a la Administraci\u00f3n de Parques Nacionales"},"content":{"rendered":"\n<h2 class=\"wp-block-heading\">El titular de la Administraci\u00f3n de Parques Nacionales, Cristian Larsen, present\u00f3 esta ma\u00f1ana la renuncia a su cargo, por medio de una escueta misiva que subi\u00f3 en sus redes sociales, y aunque evit\u00f3 precisar los motivos, aclar\u00f3 que continuar\u00e1 \u201caportando a las ideas de la libertad desde otro lugar\u201d.<\/h2>\n\n\n\n<p>\u201cDe mi mayor consideraci\u00f3n: por la presente, y con el m\u00e1s alto respeto, me dirijo a fin de presentar mi renuncia indeclinable al cargo de Presidente de la Administraci\u00f3n de Parques Nacionales a partir del 31 de mayo del presente\u201d, expuso el ahora exfuncionario.<\/p>\n\n\n\n<p><\/p>\n\n\n\n<blockquote class=\"twitter-tweet\"><p lang=\"es\" dir=\"ltr\">Renuncia a la Presidencia de la Administraci\u00f3n de Parques Nacionales <a href=\"https:\/\/t.co\/fWmvD1ZaNp\">pic.twitter.com\/fWmvD1ZaNp<\/a><\/p>&mdash; Cristian Larsen (@CristianGLarsen) <a href=\"https:\/\/twitter.com\/CristianGLarsen\/status\/1927720230777659518?ref_src=twsrc%5Etfw\">May 28, 2025<\/a><\/blockquote> <script async src=\"https:\/\/platform.twitter.com\/widgets.js\" charset=\"utf-8\"><\/script>\n\n\n\n<p>Asimismo, aclar\u00f3: \u201cEsta decisi\u00f3n obedece a mi firme convicci\u00f3n de continuar aportando a las ideas de la libertad desde otro lugar\u201d.<\/p>\n\n\n\n<p><\/p>\n\n\n\n<p>\u00abDurante esta gesti\u00f3n, nos propusimos recuperar la soberan\u00eda y el orden en nuestras \u00e1reas protegidas, y lo hemos logrado con determinaci\u00f3n y resultados concretos. Implementamos una auditor\u00eda exhaustiva que revel\u00f3 irregularidades y desidia en la administraci\u00f3n kirchnerista, permiti\u00e9ndonos tomar medidas correctivas inmediatas\u00bb, apunt\u00f3, y a\u00f1adi\u00f3: \u201cEnfrentamos y desarticulamos las usurpaciones ilegales que, bajo falsas reivindicaciones, pretend\u00edan fragmentar la integridad territorial de la Naci\u00f3n\u201d.<\/p>\n\n\n\n<p>Puntualiz\u00f3 adem\u00e1s que: \u201cGracias a acciones judiciales y operativos coordinados con otras \u00e1reas de gobierno, recuperamos terrenos clave como la seccional El Maitenal en el Parque Nacional Los Alerces y obtuvimos sentencias condenatorias por las tomas de Villa Mascardi, reafirmando el compromiso con el respeto a la ley y la defensa de la propiedad privada\u201d.<\/p>\n\n\n\n<p>Subray\u00f3 tambi\u00e9n el trabajo del \u00e1rea frente a los incendios forestales, atribuidos a un sector de los comunidad mapuche, y la promoci\u00f3n de la \u201cdesregulaci\u00f3n y simplificaci\u00f3n normativa para incentivar inversiones privadas responsables\u00bb.<\/p>\n\n\n\n<p>\u201cEstas acciones se enmarcaron en las ideas de reconstruir la Argentina sobre los pilares de la libertad, el orden y la justicia\u201d, apunt\u00f3, y acot\u00f3: \u201cRevertimos la ecuaci\u00f3n en materia de conservaci\u00f3n, transformando a Parques Nacionales en un organismo que para proteger, hace: restauraci\u00f3n de ecosistemas da\u00f1ados o amenazados, planes de reforestaci\u00f3n post incendios, proyectos de reintroducci\u00f3n sin precedentes en Latinoam\u00e9rica\u201d.<\/p>\n\n\n\n<p>Plante\u00f3 tambi\u00e9n que bajo su cargo, la Administraci\u00f3n de Parques Nacionales custodi\u00f3 \u201cde forma incansable\u201d lo monumentos naturales, lo que considera que garantiz\u00f3 la recuperaci\u00f3n de especies y la ampliaci\u00f3n de la poblaci\u00f3n en el norte del pa\u00eds.<\/p>\n\n\n\n<p>\u00abMe despido con el privilegio de haber trabajado en este organismo, el orgullo del deber cumplido y la certeza de que seguir\u00e9 acompa\u00f1ando, desde el lugar que me toque, la reconstrucci\u00f3n de nuestra Patria en una Naci\u00f3n libre, respetada y con instituciones a la altura del desaf\u00edo hist\u00f3rico que enfrentamos\u00bb, afirm\u00f3, y finaliz\u00f3: \u201cAgradezco al Presidente Javier Milei por la confianza depositada en este per\u00edodo\u201d.<\/p>\n\n\n\n<p>Noticia en desarrollo\u2026<\/p>\n","protected":false},"excerpt":{"rendered":"<p>El titular de la Administraci&oacute;n de Parques Nacionales, Cristian Larsen, present&oacute; esta ma&ntilde;ana la renuncia a su cargo, por medio de una escueta misiva que subi&oacute; en sus redes sociales, y aunque evit&oacute; precisar los motivos, aclar&oacute; que continuar&aacute; &ldquo;aportando a las ideas de la libertad desde otro lugar&rdquo;. &ldquo;De mi mayor consideraci&oacute;n: por la [&hellip;]<\/p>\n","protected":false},"author":2,"featured_media":13117,"comment_status":"open","ping_status":"open","sticky":false,"template":"","format":"standard","meta":{"footnotes":""},"categories":[5,176],"tags":[1418,6082,6083,1731,3413,378],"class_list":["post-13116","post","type-post","status-publish","format-standard","has-post-thumbnail","hentry","category-nacionales","category-politica","tag-administracion","tag-cristian","tag-larsen","tag-nacionales","tag-parques","tag-renuncia"],"_links":{"self":[{"href":"https:\/\/partediario.com.ar\/index.php?rest_route=\/wp\/v2\/posts\/13116","targetHints":{"allow":["GET"]}}],"collection":[{"href":"https:\/\/partediario.com.ar\/index.php?rest_route=\/wp\/v2\/posts"}],"about":[{"href":"https:\/\/partediario.com.ar\/index.php?rest_route=\/wp\/v2\/types\/post"}],"author":[{"embeddable":true,"href":"https:\/\/partediario.com.ar\/index.php?rest_route=\/wp\/v2\/users\/2"}],"replies":[{"embeddable":true,"href":"https:\/\/partediario.com.ar\/index.php?rest_route=%2Fwp%2Fv2%2Fcomments&post=13116"}],"version-history":[{"count":1,"href":"https:\/\/partediario.com.ar\/index.php?rest_route=\/wp\/v2\/posts\/13116\/revisions"}],"predecessor-version":[{"id":13118,"href":"https:\/\/partediario.com.ar\/index.php?rest_route=\/wp\/v2\/posts\/13116\/revisions\/13118"}],"wp:featuredmedia":[{"embeddable":true,"href":"https:\/\/partediario.com.ar\/index.php?rest_route=\/wp\/v2\/media\/13117"}],"wp:attachment":[{"href":"https:\/\/partediario.com.ar\/index.php?rest_route=%2Fwp%2Fv2%2Fmedia&parent=13116"}],"wp:term":[{"taxonomy":"category","embeddable":true,"href":"https:\/\/partediario.com.ar\/index.php?rest_route=%2Fwp%2Fv2%2Fcategories&post=13116"},{"taxonomy":"post_tag","embeddable":true,"href":"https:\/\/partediario.com.ar\/index.php?rest_route=%2Fwp%2Fv2%2Ftags&post=13116"}],"curies":[{"name":"wp","href":"https:\/\/api.w.org\/{rel}","templated":true}]}}