{"id":13124,"date":"2025-05-29T08:25:06","date_gmt":"2025-05-29T11:25:06","guid":{"rendered":"https:\/\/partediario.com.ar\/?p=13124"},"modified":"2025-06-04T08:07:57","modified_gmt":"2025-06-04T11:07:57","slug":"crisis-en-el-garrahan-vas-a-terminar-preso-el-mensaje-de-elisa-carrio-a-luis-caputo","status":"publish","type":"post","link":"https:\/\/partediario.com.ar\/?p=13124","title":{"rendered":"Crisis en el Garrahan: \u00abVas a terminar preso\u00bb: el mensaje de Elisa Carri\u00f3 a Luis Caputo"},"content":{"rendered":"\n<h2 class=\"wp-block-heading\">La m\u00e1xima dirigente de la Coalici\u00f3n C\u00edvica (CC) Elisa \u00abLilita\u00bb Carri\u00f3 expres\u00f3 este mi\u00e9rcoles que el ministro de Econom\u00eda, Luis Caputo, va a \u00abterminar preso\u00bb por el recorte de recursos para el Hospital Garrahan, situaci\u00f3n que calific\u00f3 como un \u00abesc\u00e1ndalo moral\u00bb.<\/h2>\n\n\n\n<p>\u00ab\u00b4Toto\u00b4 Caputo, con los ni\u00f1os no. Vas a terminar preso y yo me voy a ocupar de eso. Lo del Hospital Garrahan es un esc\u00e1ndalo moral, seguimos denunciando\u00bb, expres\u00f3 la ex diputada nacional en redes sociales.<\/p>\n\n\n\n<p><\/p>\n\n\n\n<blockquote class=\"twitter-tweet\"><p lang=\"es\" dir=\"ltr\">Elisa Carri\u00f3 cruz\u00f3 fuerte a Luis Caputo por la situaci\u00f3n del hospital Garrahan: &quot;Vas a terminar preso&quot;<br> <a href=\"https:\/\/t.co\/53cyZLgcYE\">https:\/\/t.co\/53cyZLgcYE<\/a><\/p>&mdash; Elisa Lilita Carri\u00f3 (@elisacarrio) <a href=\"https:\/\/twitter.com\/elisacarrio\/status\/1927857918914777363?ref_src=twsrc%5Etfw\">May 28, 2025<\/a><\/blockquote> <script async src=\"https:\/\/platform.twitter.com\/widgets.js\" charset=\"utf-8\"><\/script>\n\n\n\n<p><\/p>\n\n\n\n<p>La referente de la CC se pronunci\u00f3 despu\u00e9s que el Ministerio de Capital Humano dictara la conciliaci\u00f3n obligatoria en el conflicto del Garrahan, donde se hab\u00eda convocado para ma\u00f1ana a un paro de 24 horas de m\u00e9dicos residentes debido al \u00abatraso salarial\u00bb del sector.<\/p>\n\n\n\n<p>En la resoluci\u00f3n, la cartera Capital Humano que conduce Sandra Pettovello dio por iniciado \u00abun per\u00edodo de conciliaci\u00f3n obligatoria por el t\u00e9rmino de 15 d\u00edas\u00bb.<\/p>\n\n\n\n<p>Noticia en desarrollo\u2026<\/p>\n","protected":false},"excerpt":{"rendered":"<p>La m&aacute;xima dirigente de la Coalici&oacute;n C&iacute;vica (CC) Elisa &laquo;Lilita&raquo; Carri&oacute; expres&oacute; este mi&eacute;rcoles que el ministro de Econom&iacute;a, Luis Caputo, va a &laquo;terminar preso&raquo; por el recorte de recursos para el Hospital Garrahan, situaci&oacute;n que calific&oacute; como un &laquo;esc&aacute;ndalo moral&raquo;. &laquo;&acute;Toto&acute; Caputo, con los ni&ntilde;os no. Vas a terminar preso y yo me voy [&hellip;]<\/p>\n","protected":false},"author":2,"featured_media":13125,"comment_status":"open","ping_status":"open","sticky":false,"template":"","format":"standard","meta":{"footnotes":""},"categories":[978,5,176],"tags":[3622,2012,3664,792,6089],"class_list":["post-13124","post","type-post","status-publish","format-standard","has-post-thumbnail","hentry","category-gremiales","category-nacionales","category-politica","tag-elisa-carrio","tag-escandalo","tag-hospital-garrahan","tag-luis-caputo","tag-moral"],"_links":{"self":[{"href":"https:\/\/partediario.com.ar\/index.php?rest_route=\/wp\/v2\/posts\/13124","targetHints":{"allow":["GET"]}}],"collection":[{"href":"https:\/\/partediario.com.ar\/index.php?rest_route=\/wp\/v2\/posts"}],"about":[{"href":"https:\/\/partediario.com.ar\/index.php?rest_route=\/wp\/v2\/types\/post"}],"author":[{"embeddable":true,"href":"https:\/\/partediario.com.ar\/index.php?rest_route=\/wp\/v2\/users\/2"}],"replies":[{"embeddable":true,"href":"https:\/\/partediario.com.ar\/index.php?rest_route=%2Fwp%2Fv2%2Fcomments&post=13124"}],"version-history":[{"count":1,"href":"https:\/\/partediario.com.ar\/index.php?rest_route=\/wp\/v2\/posts\/13124\/revisions"}],"predecessor-version":[{"id":13126,"href":"https:\/\/partediario.com.ar\/index.php?rest_route=\/wp\/v2\/posts\/13124\/revisions\/13126"}],"wp:featuredmedia":[{"embeddable":true,"href":"https:\/\/partediario.com.ar\/index.php?rest_route=\/wp\/v2\/media\/13125"}],"wp:attachment":[{"href":"https:\/\/partediario.com.ar\/index.php?rest_route=%2Fwp%2Fv2%2Fmedia&parent=13124"}],"wp:term":[{"taxonomy":"category","embeddable":true,"href":"https:\/\/partediario.com.ar\/index.php?rest_route=%2Fwp%2Fv2%2Fcategories&post=13124"},{"taxonomy":"post_tag","embeddable":true,"href":"https:\/\/partediario.com.ar\/index.php?rest_route=%2Fwp%2Fv2%2Ftags&post=13124"}],"curies":[{"name":"wp","href":"https:\/\/api.w.org\/{rel}","templated":true}]}}