{"id":13127,"date":"2025-05-29T08:37:23","date_gmt":"2025-05-29T11:37:23","guid":{"rendered":"https:\/\/partediario.com.ar\/?p=13127"},"modified":"2025-06-04T08:07:54","modified_gmt":"2025-06-04T11:07:54","slug":"exigen-informes-al-gobierno-por-la-situacion-alarmante-del-hospital-garrahan","status":"publish","type":"post","link":"https:\/\/partediario.com.ar\/?p=13127","title":{"rendered":"Exigen informes al Gobierno por la situaci\u00f3n alarmante del Hospital Garrahan"},"content":{"rendered":"\n<h2 class=\"wp-block-heading\">Un grupo de diputados nacionales encabezados por Carla Carrizo (Democracia para Siempre), present\u00f3 hoy un pedido de informes al Poder Ejecutivo sobre la situaci\u00f3n de asfixia presupuestaria y magras condiciones salariales de residentes y profesionales del Hospital Pedi\u00e1trico Garrahan.<\/h2>\n\n\n\n<p>En la misiva, la diputada radical solicita al Gobierno que informe cu\u00e1l es el presupuesto asignado al hospital de pediatr\u00eda para el ejercicio 2025 y si se han efectuado transferencias presupuestarias en lo que va del a\u00f1o\u00bb.<\/p>\n\n\n\n<p><\/p>\n\n\n\n<blockquote class=\"twitter-tweet\"><p lang=\"es\" dir=\"ltr\">Garrahan: un Hospital que nombra al pa\u00eds.<br><br>Junto a 9 diputados\/as de diferentes bloques presentamos un pedido de informes sobre la situaci\u00f3n actual del Hospital Garrahan, modelo de cuidado de la salud ni\u00f1os, ni\u00f1as y adolescentes de todo el pa\u00eds, hoy en riesgo.<br><br>M\u00e9dicos y\u2026 <a href=\"https:\/\/t.co\/cvOfAkb5PQ\">pic.twitter.com\/cvOfAkb5PQ<\/a><\/p>&mdash; Carla Carrizo (@CarlaCarrizoAR) <a href=\"https:\/\/twitter.com\/CarlaCarrizoAR\/status\/1927818188873458058?ref_src=twsrc%5Etfw\">May 28, 2025<\/a><\/blockquote> <script async src=\"https:\/\/platform.twitter.com\/widgets.js\" charset=\"utf-8\"><\/script>\n\n\n\n<p><\/p>\n\n\n\n<p>Espec\u00edficamente, solicita precisiones sobre \u201clos cr\u00e9ditos presupuestarios iniciales y ejecutados, gastos de funcionamiento y partidas para personal, evoluci\u00f3n presupuestaria desde enero de 2024 hasta la actualidad\u201d.<\/p>\n\n\n\n<p>En segundo lugar, Carrizo consulta si se han efectuado recomposiciones salariales para el personal del hospital desde el 10 de diciembre de 2023, precisando \u201cfechas, porcentajes otorgados y criterios de actualizaci\u00f3n utilizados\u201d.<\/p>\n\n\n\n<p>Incorporado en esta pregunta, solicita que se especifique el porcentaje del presupuesto total del hospital que se destina a salarios y si \u201cse han tomado acciones para revisar la distribuci\u00f3n del presupuesto de manera de obtener una mejora en los salarios del personal\u201d.<\/p>\n\n\n\n<p>En tercer t\u00e9rmino, la dirigente opositora pide que se informe si el Ministerio de Salud ha mantenido reuniones con representantes gremiales o con los m\u00e9dicos y residentes del hospital desde diciembre de 2023, explicando \u201cfechas y participantes de dichas reuniones\u201d, adem\u00e1s de \u201cacuerdos o compromisos asumidos por la cartera sanitaria\u201d.<\/p>\n\n\n\n<p>La diputada nacional adem\u00e1s reclama precisiones sobre la cantidad de renuncias y reducciones horarias del personal del hospital que se han registrado desde diciembre de 2023 hasta la fecha, en caso de que se cuente con un relevamiento oficial.<\/p>\n\n\n\n<p>En relaci\u00f3n a esto, Carrizo solicita conocer qu\u00e9 medidas se prev\u00e9n para paliar la \u201cfuga de profesionales en la prestaci\u00f3n de servicios m\u00e9dicos en el hospital\u201d.<\/p>\n\n\n\n<p>Adem\u00e1s la legisladora reclama informaci\u00f3n sobre el estado actual de los programas de formaci\u00f3n m\u00e9dica del hospital, \u201cen particular del sistema de residencias, indicando cantidad de residentes en formaci\u00f3n, tasas de deserci\u00f3n y perspectivas para convocatorias futuras\u00bb.<\/p>\n\n\n\n<p>Finalizando la legisladora solicita que \u201cse indique si se han implementado medidas para mejorar las condiciones laborales y formativas de los residentes, incluyendo mejoras salariales, carga horaria, acompa\u00f1amiento pedag\u00f3gico y otros incentivos orientados a evitar la deserci\u00f3n y garantizar la calidad de la formaci\u00f3n profesional\u201d.<\/p>\n\n\n\n<p>Sobre este tema, pide que se revele \u201csi se ha realizado alguna evaluaci\u00f3n del impacto que podr\u00eda tener la disminuci\u00f3n de residentes sobre la atenci\u00f3n m\u00e9dica del hospital en el corto y mediano plazo\u201d.<\/p>\n\n\n\n<p>\u201cM\u00e9dicos y trabajadores denuncian que la crisis que atraviesa la instituci\u00f3n desde hace varios a\u00f1os est\u00e1 agrav\u00e1ndose por los bajos salarios, sobrecarga laboral, una preocupante fuga de profesionales, a los que se suma falta de insumos, demoras en los turnos, deficiencias edilicias\u201d, se\u00f1al\u00f3 Carrizo en una posteo de la red social X.<\/p>\n\n\n\n<p>Seg\u00fan indic\u00f3, \u201cesta situaci\u00f3n no solo afecta a quienes trabajan all\u00ed sino tambi\u00e9n a la calidad de atenci\u00f3n de salud de ni\u00f1as\/os y adolescentes de todas las provincias\u201d.<\/p>\n\n\n\n<p>\u201cSobran datos y razones: atiende al 40% de chicos\/as con c\u00e1ncer, realiza el 60% de los trasplantes pedi\u00e1tricos. Por a\u00f1o, realiza m\u00e1s de 10 mil cirug\u00edas de mediana y alta complejidad y recibe m\u00e1s de 660 mil consultas. Atienden ni\u00f1os\/as con y sin cobertura\u201d, mencion\u00f3.<\/p>\n\n\n\n<p>\u201cNecesitamos garantizar el funcionamiento y la excelencia de la salud en infancia y adolescencia\u201d, finaliz\u00f3 Carriz\u00f3, cuyo proyecto lleva las firmas de las diputadas de Encuentro Federal Margarita Stolbizer y M\u00f3nica Fein, adem\u00e1s de sus compa\u00f1eros de Democracia para Siempre Pablo Juliano, Danya Tavela, Marcela Coli, Marcela Antola, Melina Giorgi y Fernando Carbajal.<\/p>\n\n\n\n<p>El diputado nacional Facundo Manes, que pertenece al mismo bloque del radicalismo d\u00edscolo, acompa\u00f1\u00f3 a trabajadores del hospital pedi\u00e1trico durante la jornada de protesta.<\/p>\n\n\n\n<p>\u201cEl Garrahan nos necesita. No miremos para otro lado, est\u00e1 en juego el futuro de todos\u201d, expres\u00f3 en su cuenta de X, acompa\u00f1ando un video en el que comparte la voz de trabajadores que se encuentran en la lucha por mejores condiciones laborales.<\/p>\n","protected":false},"excerpt":{"rendered":"<p>Un grupo de diputados nacionales encabezados por Carla Carrizo (Democracia para Siempre), present&oacute; hoy un pedido de informes al Poder Ejecutivo sobre la situaci&oacute;n de asfixia presupuestaria y magras condiciones salariales de residentes y profesionales del Hospital Pedi&aacute;trico Garrahan. En la misiva, la diputada radical solicita al Gobierno que informe cu&aacute;l es el presupuesto asignado [&hellip;]<\/p>\n","protected":false},"author":2,"featured_media":13128,"comment_status":"open","ping_status":"open","sticky":false,"template":"","format":"standard","meta":{"footnotes":""},"categories":[978,5,176],"tags":[5524,5504,224,3664,6090],"class_list":["post-13127","post","type-post","status-publish","format-standard","has-post-thumbnail","hentry","category-gremiales","category-nacionales","category-politica","tag-carla-carrizo","tag-facundo-manes","tag-gobierno","tag-hospital-garrahan","tag-informes"],"_links":{"self":[{"href":"https:\/\/partediario.com.ar\/index.php?rest_route=\/wp\/v2\/posts\/13127","targetHints":{"allow":["GET"]}}],"collection":[{"href":"https:\/\/partediario.com.ar\/index.php?rest_route=\/wp\/v2\/posts"}],"about":[{"href":"https:\/\/partediario.com.ar\/index.php?rest_route=\/wp\/v2\/types\/post"}],"author":[{"embeddable":true,"href":"https:\/\/partediario.com.ar\/index.php?rest_route=\/wp\/v2\/users\/2"}],"replies":[{"embeddable":true,"href":"https:\/\/partediario.com.ar\/index.php?rest_route=%2Fwp%2Fv2%2Fcomments&post=13127"}],"version-history":[{"count":1,"href":"https:\/\/partediario.com.ar\/index.php?rest_route=\/wp\/v2\/posts\/13127\/revisions"}],"predecessor-version":[{"id":13129,"href":"https:\/\/partediario.com.ar\/index.php?rest_route=\/wp\/v2\/posts\/13127\/revisions\/13129"}],"wp:featuredmedia":[{"embeddable":true,"href":"https:\/\/partediario.com.ar\/index.php?rest_route=\/wp\/v2\/media\/13128"}],"wp:attachment":[{"href":"https:\/\/partediario.com.ar\/index.php?rest_route=%2Fwp%2Fv2%2Fmedia&parent=13127"}],"wp:term":[{"taxonomy":"category","embeddable":true,"href":"https:\/\/partediario.com.ar\/index.php?rest_route=%2Fwp%2Fv2%2Fcategories&post=13127"},{"taxonomy":"post_tag","embeddable":true,"href":"https:\/\/partediario.com.ar\/index.php?rest_route=%2Fwp%2Fv2%2Ftags&post=13127"}],"curies":[{"name":"wp","href":"https:\/\/api.w.org\/{rel}","templated":true}]}}