{"id":13136,"date":"2025-05-29T09:02:45","date_gmt":"2025-05-29T12:02:45","guid":{"rendered":"https:\/\/partediario.com.ar\/?p=13136"},"modified":"2025-06-04T08:07:42","modified_gmt":"2025-06-04T11:07:42","slug":"la-comunidad-cientifica-se-manifestaron-en-todo-el-pais-para-visibilizar-la-falta-de-inversion-en-el-sector","status":"publish","type":"post","link":"https:\/\/partediario.com.ar\/?p=13136","title":{"rendered":"La comunidad cient\u00edfica se manifestaron en todo el pa\u00eds para visibilizar la falta de inversi\u00f3n en el sector"},"content":{"rendered":"\n<h2 class=\"wp-block-heading\">Investigadores, becarios, docentes y estudiantes de distintos institutos y universidades del pa\u00eds se movilizaron este mi\u00e9rcoles para llamar la atenci\u00f3n sobre la brutal crisis que atraviesa el sector cient\u00edfico, tecnol\u00f3gico y universitario.<\/h2>\n\n\n\n<p>En la Ciudad de Buenos Aires el punto de encuentro fue el Polo Cient\u00edfico Tecnol\u00f3gico, donde opera la sede administrativa del Consejo Nacional de Investigaciones Cient\u00edficas y T\u00e9cnicas (CONICET). El reclamo adem\u00e1s se llev\u00f3 a cabo en el Centro C\u00edvico de Bariloche, la Casa Hist\u00f3rica de Tucum\u00e1n, en C\u00f3rdoba capital, General Roca (La Pampa), Rosario (Santa Fe), Comodoro Rivadavia (Chubut), Santiago del Estero y Ushuaia.<\/p>\n\n\n\n<p>\u201cUna nieve t\u00f3xica est\u00e1 destruyendo la ciencia argentina\u201d fue el lema de la convocatoria de la Red de Autoridades de Institutos de Ciencia y Tecnolog\u00eda (RAICYT), por la cual los manifestantes se vistieron de \u201cEternautas\u201d, como una manera de visibilizar el desfinanciamiento y advertir sobre las consecuencias de esa situaci\u00f3n para el futuro del pa\u00eds.<\/p>\n\n\n\n<p>\u201cEstamos presentes en el Polo Cient\u00edfico y en las distintas provincias de nuestra querida Argentina para defender el sistema cient\u00edfico y tecnol\u00f3gico nacional, amenazado hoy como nunca desde la recuperaci\u00f3n de la democracia. Nos encontramos en un punto de no retorno: transcurridos ya 17 meses del actual gobierno nacional, el sistema cient\u00edfico padece una situaci\u00f3n cr\u00edtica que costar\u00e1 much\u00edsimo revertir\u201d, indic\u00f3 el discurso oficial del acto realizado en la explanada del edificio donde funciona la sede administrativa del CONICET en Buenos Aires, que fue le\u00eddo por distintos oradores, seg\u00fan consign\u00f3 la Agencia CytA-Leloir.<\/p>\n\n\n\n<p>En la jornada se reclam\u00f3 que desde diciembre de 2023 est\u00e1n congeladas las designaciones de quienes ya hab\u00edan sido seleccionados a trav\u00e9s de concurso p\u00fablico para ingresar a la Carrera del Investigador Cient\u00edfico del CONICET, y la desaparici\u00f3n de la Agencia Nacional de Promoci\u00f3n de la Investigaci\u00f3n, el Desarrollo Tecnol\u00f3gico y la Innovaci\u00f3n, \u201cque constituye el coraz\u00f3n del financiamiento de investigaciones cient\u00edficas y tecnol\u00f3gicas en el pa\u00eds\u201d. Tambi\u00e9n se mencion\u00f3 \u201cel brutal deterioro salarial de todos los trabajadores del sector cient\u00edfico\/tecnol\u00f3gico.<\/p>\n\n\n\n<p>\u201cQuienes hoy integramos el sistema cient\u00edfico\/tecnol\u00f3gico denunciamos que nunca hemos protagonizado un \u00e9xodo tan masivo y doloroso de cient\u00edficos como el que estamos presenciando en estos meses. Sin trabajadores no hay ciencia\u201d, finaliz\u00f3 el documento.<\/p>\n","protected":false},"excerpt":{"rendered":"<p>Investigadores, becarios, docentes y estudiantes de distintos institutos y universidades del pa&iacute;s se movilizaron este mi&eacute;rcoles para llamar la atenci&oacute;n sobre la brutal crisis que atraviesa el sector cient&iacute;fico, tecnol&oacute;gico y universitario. En la Ciudad de Buenos Aires el punto de encuentro fue el Polo Cient&iacute;fico Tecnol&oacute;gico, donde opera la sede administrativa del Consejo Nacional [&hellip;]<\/p>\n","protected":false},"author":2,"featured_media":13137,"comment_status":"open","ping_status":"open","sticky":false,"template":"","format":"standard","meta":{"footnotes":""},"categories":[5,176,726],"tags":[2775,3788,3117,771,6093],"class_list":["post-13136","post","type-post","status-publish","format-standard","has-post-thumbnail","hentry","category-nacionales","category-politica","category-sociedad","tag-cientifica","tag-comunidad","tag-conicet","tag-manifestacion","tag-raicyt"],"_links":{"self":[{"href":"https:\/\/partediario.com.ar\/index.php?rest_route=\/wp\/v2\/posts\/13136","targetHints":{"allow":["GET"]}}],"collection":[{"href":"https:\/\/partediario.com.ar\/index.php?rest_route=\/wp\/v2\/posts"}],"about":[{"href":"https:\/\/partediario.com.ar\/index.php?rest_route=\/wp\/v2\/types\/post"}],"author":[{"embeddable":true,"href":"https:\/\/partediario.com.ar\/index.php?rest_route=\/wp\/v2\/users\/2"}],"replies":[{"embeddable":true,"href":"https:\/\/partediario.com.ar\/index.php?rest_route=%2Fwp%2Fv2%2Fcomments&post=13136"}],"version-history":[{"count":1,"href":"https:\/\/partediario.com.ar\/index.php?rest_route=\/wp\/v2\/posts\/13136\/revisions"}],"predecessor-version":[{"id":13138,"href":"https:\/\/partediario.com.ar\/index.php?rest_route=\/wp\/v2\/posts\/13136\/revisions\/13138"}],"wp:featuredmedia":[{"embeddable":true,"href":"https:\/\/partediario.com.ar\/index.php?rest_route=\/wp\/v2\/media\/13137"}],"wp:attachment":[{"href":"https:\/\/partediario.com.ar\/index.php?rest_route=%2Fwp%2Fv2%2Fmedia&parent=13136"}],"wp:term":[{"taxonomy":"category","embeddable":true,"href":"https:\/\/partediario.com.ar\/index.php?rest_route=%2Fwp%2Fv2%2Fcategories&post=13136"},{"taxonomy":"post_tag","embeddable":true,"href":"https:\/\/partediario.com.ar\/index.php?rest_route=%2Fwp%2Fv2%2Ftags&post=13136"}],"curies":[{"name":"wp","href":"https:\/\/api.w.org\/{rel}","templated":true}]}}