{"id":13151,"date":"2025-06-04T07:07:58","date_gmt":"2025-06-04T10:07:58","guid":{"rendered":"https:\/\/partediario.com.ar\/?p=13151"},"modified":"2025-06-05T19:40:35","modified_gmt":"2025-06-05T22:40:35","slug":"grabois-califico-como-hijos-de-puta-a-los-senadores-tras-el-nuevo-aumento","status":"publish","type":"post","link":"https:\/\/partediario.com.ar\/?p=13151","title":{"rendered":"Grabois calific\u00f3 como \u00abhijos de puta\u00bb a los senadores tras el nuevo aumento"},"content":{"rendered":"\n<h2 class=\"wp-block-heading\">El dirigente social Juan Grabois calific\u00f3 como \u00abhijos de puta\u00bb a los senadores que pasar\u00e1n a cobrar alrededor de 9,5 millones de pesos, tras el nuevo aumento en las dietas.<\/h2>\n\n\n\n<p>\u00abCon honrosas excepciones, son unos hijos de puta que solo se preocupan por reproducir, retener y ampliar sus privilegios\u00bb, expres\u00f3 Grabois en su cuenta de X.<\/p>\n\n\n\n<p><\/p>\n\n\n\n<blockquote class=\"twitter-tweet\"><p lang=\"es\" dir=\"ltr\">Con honrosas excepciones, son unos hijos de puta que solo se preocupan por reproducir, retener y ampliar sus privilegios. Tienen el fijo de 9,5 millones y el variable por cada valija que reciben unos cuantos para votarle lo que pida a Milei. <a href=\"https:\/\/t.co\/i45eTn4fYP\">pic.twitter.com\/i45eTn4fYP<\/a><\/p>&mdash; Juan Grabois (@JuanGrabois) <a href=\"https:\/\/twitter.com\/JuanGrabois\/status\/1930029603994878303?ref_src=twsrc%5Etfw\">June 3, 2025<\/a><\/blockquote> <script async src=\"https:\/\/platform.twitter.com\/widgets.js\" charset=\"utf-8\"><\/script>\n\n\n\n<p><\/p>\n\n\n\n<p>Para el l\u00edder del MTE, los senadores tienen \u00abel fijo de 9,5 millones y el variable por cada valija que reciben unos cuantos para votarle lo que pida\u00bb el presidente Javier Milei.<\/p>\n\n\n\n<p>El motivo del aumento en los recibos de los representantes de las provincias ser\u00e1 porque en abril del 2024 votaron un aumento, a mano alzada y sin debate, que incluy\u00f3 una cl\u00e1usula que dej\u00f3 atada la actualizaci\u00f3n salarial del cuerpo a los acuerdos que cerraran los empleados del Poder Legislativo.<\/p>\n\n\n\n<p>Esto fue avalado por los presidentes de ambas C\u00e1maras, Mart\u00edn Menem y Victoria Villarruel, quienes rubricaron este martes con gremios la actualizaci\u00f3n salarial para los empleados legislativos del 1,3 por ciento para marzo, abril y mayo.<\/p>\n","protected":false},"excerpt":{"rendered":"<p>El dirigente social Juan Grabois calific&oacute; como &laquo;hijos de puta&raquo; a los senadores que pasar&aacute;n a cobrar alrededor de 9,5 millones de pesos, tras el nuevo aumento en las dietas. &laquo;Con honrosas excepciones, son unos hijos de puta que solo se preocupan por reproducir, retener y ampliar sus privilegios&raquo;, expres&oacute; Grabois en su cuenta de [&hellip;]<\/p>\n","protected":false},"author":2,"featured_media":13152,"comment_status":"open","ping_status":"open","sticky":false,"template":"","format":"standard","meta":{"footnotes":""},"categories":[5,176],"tags":[622,2723,395,1445],"class_list":["post-13151","post","type-post","status-publish","format-standard","has-post-thumbnail","hentry","category-nacionales","category-politica","tag-aumento","tag-dieta","tag-juan-grabois","tag-senadores"],"_links":{"self":[{"href":"https:\/\/partediario.com.ar\/index.php?rest_route=\/wp\/v2\/posts\/13151","targetHints":{"allow":["GET"]}}],"collection":[{"href":"https:\/\/partediario.com.ar\/index.php?rest_route=\/wp\/v2\/posts"}],"about":[{"href":"https:\/\/partediario.com.ar\/index.php?rest_route=\/wp\/v2\/types\/post"}],"author":[{"embeddable":true,"href":"https:\/\/partediario.com.ar\/index.php?rest_route=\/wp\/v2\/users\/2"}],"replies":[{"embeddable":true,"href":"https:\/\/partediario.com.ar\/index.php?rest_route=%2Fwp%2Fv2%2Fcomments&post=13151"}],"version-history":[{"count":1,"href":"https:\/\/partediario.com.ar\/index.php?rest_route=\/wp\/v2\/posts\/13151\/revisions"}],"predecessor-version":[{"id":13153,"href":"https:\/\/partediario.com.ar\/index.php?rest_route=\/wp\/v2\/posts\/13151\/revisions\/13153"}],"wp:featuredmedia":[{"embeddable":true,"href":"https:\/\/partediario.com.ar\/index.php?rest_route=\/wp\/v2\/media\/13152"}],"wp:attachment":[{"href":"https:\/\/partediario.com.ar\/index.php?rest_route=%2Fwp%2Fv2%2Fmedia&parent=13151"}],"wp:term":[{"taxonomy":"category","embeddable":true,"href":"https:\/\/partediario.com.ar\/index.php?rest_route=%2Fwp%2Fv2%2Fcategories&post=13151"},{"taxonomy":"post_tag","embeddable":true,"href":"https:\/\/partediario.com.ar\/index.php?rest_route=%2Fwp%2Fv2%2Ftags&post=13151"}],"curies":[{"name":"wp","href":"https:\/\/api.w.org\/{rel}","templated":true}]}}