{"id":13157,"date":"2025-06-04T07:25:32","date_gmt":"2025-06-04T10:25:32","guid":{"rendered":"https:\/\/partediario.com.ar\/?p=13157"},"modified":"2025-06-05T19:40:30","modified_gmt":"2025-06-05T22:40:30","slug":"crisis-en-el-garrahan-el-gobierno-convoco-para-este-miercoles-a-los-gremios","status":"publish","type":"post","link":"https:\/\/partediario.com.ar\/?p=13157","title":{"rendered":"Crisis en el Garrahan: el Gobierno convoc\u00f3 para este mi\u00e9rcoles a los gremios"},"content":{"rendered":"\n<h2 class=\"wp-block-heading\">El Gobierno convoc\u00f3 para este mi\u00e9rcoles a las 14:00 los gremios ATE, la Asociaci\u00f3n de Profesionales y T\u00e9cnicos del Hospital Garrahan (APyT Garrahan) y a las autoridades de esa instituci\u00f3n a una audiencia para intentar llegar a un acuerdo en medio del conflicto salarial.<\/h2>\n\n\n\n<p>El encuentro estaba previsto para el jueves, pero en las \u00faltimas horas se resolvi\u00f3 adelantar 24 horas en la b\u00fasqueda de un acuerdo en el conflicto.<\/p>\n\n\n\n<p>\u201cFrente al intento del Gobierno de dividir y estigmatizar a los trabajadores, sumado a la fuerte campa\u00f1a de desprestigio con informaci\u00f3n falsa, cuentas de redes sociales truchas y chats irreales, el conflicto sigui\u00f3 creciendo y no pudieron dilatar m\u00e1s la convocatoria\u201d, manifest\u00f3 el secretario general de ATE, Rodolfo Aguiar.<\/p>\n\n\n\n<p>Desde sus redes sociales, el dirigente destac\u00f3 que si no se consigue una respuesta positiva se determinar\u00e1 una medida a nivel nacional en el \u00e1rea de salud.<\/p>\n\n\n\n<p>\u201cA nadie se le escapa que el ajuste recrudece a\u00fan m\u00e1s en las provincias\u201d, se\u00f1al\u00f3 y alert\u00f3 que \u201ccon este Gobierno, el sistema sanitario p\u00fablico est\u00e1 en peligro y no vamos a parar de luchar para defenderlo. Quieren hacer de la salud un negocio y no van a poder\u201d.<\/p>\n\n\n\n<p>La convocatoria est\u00e1 pactada para este mi\u00e9rcoles a las 14:00 en la Direcci\u00f3n Nacional de Relaciones y Regulaciones del Trabajo, ubicado en la avenida Callao al 128.<\/p>\n\n\n\n<p>En medio del conflicto salarial, el Gobierno hab\u00eda anunciado el fin de semana un aumento en los sueldos de los m\u00e9dicos residentes del hospital pedi\u00e1trico que se elevar\u00e1n \u201cen torno de $ 1.300.000 a partir del 1\u00b0 de julio\u201d.<\/p>\n\n\n\n<p>Sin embargo, los residentes del Garrahan aclararon que a ellos no les lleg\u00f3 \u00abning\u00fan\u00bb ofrecimiento oficial.<\/p>\n\n\n\n<p>\u00abImagino que de lo que se habla es de una publicaci\u00f3n de X, que est\u00e1 en la red del hospital, el cual no es nuestro empleador. Nuestro empleador es el Ministerio de Salud de la Naci\u00f3n\u201d, destac\u00f3 la residente del Garrahan Azul Santana.<\/p>\n\n\n\n<p>E insisti\u00f3 en reclamar que la cartera que comanda Mario Lugones se haga cargo de la comunicaci\u00f3n directa con los trabajadores.<\/p>\n\n\n\n<p>\u201cTodo pasa por el Hospital que no est\u00e1 de intermediario en nuestro salario, somos directamente empleados del Ministerio\u201d, indic\u00f3.<\/p>\n\n\n\n<p>El centro pedi\u00e1trico es financiado en un 80% por el Estado nacional y en un 20% por el Gobierno de la ciudad de Buenos Aires, cerr\u00f3.<\/p>\n","protected":false},"excerpt":{"rendered":"<p>El Gobierno convoc&oacute; para este mi&eacute;rcoles a las 14:00 los gremios ATE, la Asociaci&oacute;n de Profesionales y T&eacute;cnicos del Hospital Garrahan (APyT Garrahan) y a las autoridades de esa instituci&oacute;n a una audiencia para intentar llegar a un acuerdo en medio del conflicto salarial. El encuentro estaba previsto para el jueves, pero en las &uacute;ltimas [&hellip;]<\/p>\n","protected":false},"author":2,"featured_media":13158,"comment_status":"open","ping_status":"open","sticky":false,"template":"","format":"standard","meta":{"footnotes":""},"categories":[978,5,176],"tags":[6099,219,3557,224,373,1279],"class_list":["post-13157","post","type-post","status-publish","format-standard","has-post-thumbnail","hentry","category-gremiales","category-nacionales","category-politica","tag-apyt-garrahan","tag-ate","tag-garrahan","tag-gobierno","tag-reunion","tag-rodolfo-aguiar"],"_links":{"self":[{"href":"https:\/\/partediario.com.ar\/index.php?rest_route=\/wp\/v2\/posts\/13157","targetHints":{"allow":["GET"]}}],"collection":[{"href":"https:\/\/partediario.com.ar\/index.php?rest_route=\/wp\/v2\/posts"}],"about":[{"href":"https:\/\/partediario.com.ar\/index.php?rest_route=\/wp\/v2\/types\/post"}],"author":[{"embeddable":true,"href":"https:\/\/partediario.com.ar\/index.php?rest_route=\/wp\/v2\/users\/2"}],"replies":[{"embeddable":true,"href":"https:\/\/partediario.com.ar\/index.php?rest_route=%2Fwp%2Fv2%2Fcomments&post=13157"}],"version-history":[{"count":1,"href":"https:\/\/partediario.com.ar\/index.php?rest_route=\/wp\/v2\/posts\/13157\/revisions"}],"predecessor-version":[{"id":13159,"href":"https:\/\/partediario.com.ar\/index.php?rest_route=\/wp\/v2\/posts\/13157\/revisions\/13159"}],"wp:featuredmedia":[{"embeddable":true,"href":"https:\/\/partediario.com.ar\/index.php?rest_route=\/wp\/v2\/media\/13158"}],"wp:attachment":[{"href":"https:\/\/partediario.com.ar\/index.php?rest_route=%2Fwp%2Fv2%2Fmedia&parent=13157"}],"wp:term":[{"taxonomy":"category","embeddable":true,"href":"https:\/\/partediario.com.ar\/index.php?rest_route=%2Fwp%2Fv2%2Fcategories&post=13157"},{"taxonomy":"post_tag","embeddable":true,"href":"https:\/\/partediario.com.ar\/index.php?rest_route=%2Fwp%2Fv2%2Ftags&post=13157"}],"curies":[{"name":"wp","href":"https:\/\/api.w.org\/{rel}","templated":true}]}}