{"id":13173,"date":"2025-06-04T08:17:21","date_gmt":"2025-06-04T11:17:21","guid":{"rendered":"https:\/\/partediario.com.ar\/?p=13173"},"modified":"2025-06-04T08:17:22","modified_gmt":"2025-06-04T11:17:22","slug":"santa-elena-presente-en-una-nueva-reunion-de-la-microregion-rio-nativo","status":"publish","type":"post","link":"https:\/\/partediario.com.ar\/?p=13173","title":{"rendered":"Santa Elena presente en una nueva reuni\u00f3n de la Microregi\u00f3n R\u00edo Nativo"},"content":{"rendered":"\n<h2 class=\"wp-block-heading\">El pasado viernes 30 de mayo, se desarroll\u00f3 una nueva reuni\u00f3n de la Microrregi\u00f3n R\u00edo Nativo en el Sal\u00f3n Parroquial de la localidad de Alcaraz, donde las autoridades locales brindaron una c\u00e1lida bienvenida a las y los participantes.<\/h2>\n\n\n\n<p>Estuvieron presentes Yamila Acedo, presidenta municipal; Reinaldo Piri, viceintendente; Dar\u00edo Pfennig, secretario de Gobierno; y Javier Tropini, secretario de Cultura y Turismo, quienes acompa\u00f1aron el desarrollo de la jornada, en la que se compartieron avances del proyecto de creaci\u00f3n del Museo de Alcaraz, impulsado por la Secretar\u00eda de Comunicaci\u00f3n local, en el marco del programa \u201cDe rieles y ra\u00edces\u201d.<\/p>\n\n\n\n<p>La reuni\u00f3n fue coordinada por Carina Spahn, directora de Turismo de Santa Elena y coordinadora general de la microrregi\u00f3n, quien guio la presentaci\u00f3n de los temas previstos: se socializ\u00f3 informaci\u00f3n actualizada sobre la situaci\u00f3n del sitio web, anunciando que ya se encuentran habilitadas las p\u00e1ginas correspondientes a cada destino que integra la red. Adem\u00e1s, se present\u00f3 el dise\u00f1o de la segunda impresi\u00f3n de folletos tur\u00edsticos para esta temporada.<\/p>\n\n\n\n<p>Durante el encuentro se analizaron propuestas de lanzamientos de temporada, productos tur\u00edsticos y circuitos tem\u00e1ticos. Tambi\u00e9n se convers\u00f3 sobre la posible visita de influencers, y la participaci\u00f3n de la microrregi\u00f3n en eventos como Caminos y Sabores y la Expo Rural.<\/p>\n\n\n\n<p>Tal como estaba previsto, se cont\u00f3 con la participaci\u00f3n del sector privado, con quienes se compartieron ideas y se intercambiaron puntos de vista en funci\u00f3n del fortalecimiento regional. La jornada fue acompa\u00f1ada por la Comisi\u00f3n Organizadora de la Fiesta de la Torta Asada, quienes ofrecieron una degustaci\u00f3n de tortas asadas, uno de los productos t\u00edpicos de Alcaraz.<\/p>\n\n\n\n<p>Adem\u00e1s, se compartieron novedades vinculadas a la Fiesta Provincial de la Palma Caranday y a diversos proyectos que promueven el turismo, la historia y la cultura de la localidad anfitriona.<\/p>\n\n\n\n<p><\/p>\n\n\n\n<figure class=\"wp-block-image size-full\"><img loading=\"lazy\" decoding=\"async\" width=\"593\" height=\"395\" src=\"https:\/\/partediario.com.ar\/wp-content\/uploads\/504014965_1130628319108922_6390358771561810095_n.jpg\" alt=\"\" class=\"wp-image-13174\" srcset=\"https:\/\/partediario.com.ar\/wp-content\/uploads\/504014965_1130628319108922_6390358771561810095_n.jpg 593w, https:\/\/partediario.com.ar\/wp-content\/uploads\/504014965_1130628319108922_6390358771561810095_n-300x200.jpg 300w\" sizes=\"auto, (max-width: 593px) 100vw, 593px\" \/><\/figure>\n\n\n\n<p><\/p>\n\n\n\n<p>Participaron representantes de Puerto Curtiembre, Cerrito, Colonia Avellaneda, San Benito, Viale, Mar\u00eda Grande, Villa Urquiza, Hernandarias, El Solar, Bovril, Colonia Avigdor, Arroyo Corralito, Yeso, Santa Elena y Alcaraz.<\/p>\n\n\n\n<p>Se destac\u00f3 el inter\u00e9s colectivo por afianzar v\u00ednculos entre localidades vecinas, generar circuitos integrados y participar de eventos a nivel provincial y nacional que permitan visibilizar las riquezas naturales, culturales y productivas de la microrregi\u00f3n.<\/p>\n\n\n\n<p>Invitamos a visitar el sitio web oficial, ya en funcionamiento: <a href=\"http:\/\/www.rionativo.com.ar\"><strong>www.rionativo.com.ar<\/strong><\/a><\/p>\n\n\n\n<p><\/p>\n","protected":false},"excerpt":{"rendered":"<p>El pasado viernes 30 de mayo, se desarroll&oacute; una nueva reuni&oacute;n de la Microrregi&oacute;n R&iacute;o Nativo en el Sal&oacute;n Parroquial de la localidad de Alcaraz, donde las autoridades locales brindaron una c&aacute;lida bienvenida a las y los participantes. Estuvieron presentes Yamila Acedo, presidenta municipal; Reinaldo Piri, viceintendente; Dar&iacute;o Pfennig, secretario de Gobierno; y Javier Tropini, [&hellip;]<\/p>\n","protected":false},"author":2,"featured_media":13175,"comment_status":"open","ping_status":"open","sticky":false,"template":"","format":"standard","meta":{"footnotes":""},"categories":[3272,8],"tags":[6072,6105,207],"class_list":["post-13173","post","type-post","status-publish","format-standard","has-post-thumbnail","hentry","category-municipales","category-provinciales","tag-carina-spahn","tag-rio-nativo","tag-santa-elena"],"_links":{"self":[{"href":"https:\/\/partediario.com.ar\/index.php?rest_route=\/wp\/v2\/posts\/13173","targetHints":{"allow":["GET"]}}],"collection":[{"href":"https:\/\/partediario.com.ar\/index.php?rest_route=\/wp\/v2\/posts"}],"about":[{"href":"https:\/\/partediario.com.ar\/index.php?rest_route=\/wp\/v2\/types\/post"}],"author":[{"embeddable":true,"href":"https:\/\/partediario.com.ar\/index.php?rest_route=\/wp\/v2\/users\/2"}],"replies":[{"embeddable":true,"href":"https:\/\/partediario.com.ar\/index.php?rest_route=%2Fwp%2Fv2%2Fcomments&post=13173"}],"version-history":[{"count":1,"href":"https:\/\/partediario.com.ar\/index.php?rest_route=\/wp\/v2\/posts\/13173\/revisions"}],"predecessor-version":[{"id":13176,"href":"https:\/\/partediario.com.ar\/index.php?rest_route=\/wp\/v2\/posts\/13173\/revisions\/13176"}],"wp:featuredmedia":[{"embeddable":true,"href":"https:\/\/partediario.com.ar\/index.php?rest_route=\/wp\/v2\/media\/13175"}],"wp:attachment":[{"href":"https:\/\/partediario.com.ar\/index.php?rest_route=%2Fwp%2Fv2%2Fmedia&parent=13173"}],"wp:term":[{"taxonomy":"category","embeddable":true,"href":"https:\/\/partediario.com.ar\/index.php?rest_route=%2Fwp%2Fv2%2Fcategories&post=13173"},{"taxonomy":"post_tag","embeddable":true,"href":"https:\/\/partediario.com.ar\/index.php?rest_route=%2Fwp%2Fv2%2Ftags&post=13173"}],"curies":[{"name":"wp","href":"https:\/\/api.w.org\/{rel}","templated":true}]}}