{"id":13180,"date":"2025-06-04T20:09:54","date_gmt":"2025-06-04T23:09:54","guid":{"rendered":"https:\/\/partediario.com.ar\/?p=13180"},"modified":"2025-06-05T19:40:01","modified_gmt":"2025-06-05T22:40:01","slug":"los-medicos-residentes-del-hospital-garrahan-levantaron-el-paro","status":"publish","type":"post","link":"https:\/\/partediario.com.ar\/?p=13180","title":{"rendered":"Los m\u00e9dicos residentes del Hospital Garrahan levantaron el paro"},"content":{"rendered":"\n<h2 class=\"wp-block-heading\">La Asamblea de Residentes del Garrahan comunic\u00f3 que se suspendi\u00f3 la medida de fuerza que iba a comenzar esta noche por reclamos salariales.<\/h2>\n\n\n\n<p>Los m\u00e9dicos residentes del Hospital Garrahan informaron esta tarde que levantaron el paro que hab\u00eda sido convocado desde las 21 de hoy y hasta las 7 del viernes pr\u00f3ximo, en medio del conflicto salarial que atraviesa esa instituci\u00f3n.<\/p>\n\n\n\n<p>As\u00ed lo hicieron saber desde la Asamblea de Residentes del Garrahan a trav\u00e9s de un comunicado.<\/p>\n\n\n\n<p>Noticia en desarrollo\u2026<\/p>\n","protected":false},"excerpt":{"rendered":"<p>La Asamblea de Residentes del Garrahan comunic&oacute; que se suspendi&oacute; la medida de fuerza que iba a comenzar esta noche por reclamos salariales. Los m&eacute;dicos residentes del Hospital Garrahan informaron esta tarde que levantaron el paro que hab&iacute;a sido convocado desde las 21 de hoy y hasta las 7 del viernes pr&oacute;ximo, en medio del [&hellip;]<\/p>\n","protected":false},"author":2,"featured_media":13181,"comment_status":"open","ping_status":"open","sticky":false,"template":"","format":"standard","meta":{"footnotes":""},"categories":[978,5],"tags":[3557,287,6109,6108,691,3511],"class_list":["post-13180","post","type-post","status-publish","format-standard","has-post-thumbnail","hentry","category-gremiales","category-nacionales","tag-garrahan","tag-hospital","tag-levantamiento","tag-medicos","tag-paro","tag-residentes"],"_links":{"self":[{"href":"https:\/\/partediario.com.ar\/index.php?rest_route=\/wp\/v2\/posts\/13180","targetHints":{"allow":["GET"]}}],"collection":[{"href":"https:\/\/partediario.com.ar\/index.php?rest_route=\/wp\/v2\/posts"}],"about":[{"href":"https:\/\/partediario.com.ar\/index.php?rest_route=\/wp\/v2\/types\/post"}],"author":[{"embeddable":true,"href":"https:\/\/partediario.com.ar\/index.php?rest_route=\/wp\/v2\/users\/2"}],"replies":[{"embeddable":true,"href":"https:\/\/partediario.com.ar\/index.php?rest_route=%2Fwp%2Fv2%2Fcomments&post=13180"}],"version-history":[{"count":1,"href":"https:\/\/partediario.com.ar\/index.php?rest_route=\/wp\/v2\/posts\/13180\/revisions"}],"predecessor-version":[{"id":13182,"href":"https:\/\/partediario.com.ar\/index.php?rest_route=\/wp\/v2\/posts\/13180\/revisions\/13182"}],"wp:featuredmedia":[{"embeddable":true,"href":"https:\/\/partediario.com.ar\/index.php?rest_route=\/wp\/v2\/media\/13181"}],"wp:attachment":[{"href":"https:\/\/partediario.com.ar\/index.php?rest_route=%2Fwp%2Fv2%2Fmedia&parent=13180"}],"wp:term":[{"taxonomy":"category","embeddable":true,"href":"https:\/\/partediario.com.ar\/index.php?rest_route=%2Fwp%2Fv2%2Fcategories&post=13180"},{"taxonomy":"post_tag","embeddable":true,"href":"https:\/\/partediario.com.ar\/index.php?rest_route=%2Fwp%2Fv2%2Ftags&post=13180"}],"curies":[{"name":"wp","href":"https:\/\/api.w.org\/{rel}","templated":true}]}}