{"id":13183,"date":"2025-06-04T20:14:06","date_gmt":"2025-06-04T23:14:06","guid":{"rendered":"https:\/\/partediario.com.ar\/?p=13183"},"modified":"2025-06-05T19:39:54","modified_gmt":"2025-06-05T22:39:54","slug":"murio-horacio-garcia-belsunce","status":"publish","type":"post","link":"https:\/\/partediario.com.ar\/?p=13183","title":{"rendered":"Muri\u00f3 Horacio Garc\u00eda Belsunce"},"content":{"rendered":"\n<h2 class=\"wp-block-heading\">El hermano de Mar\u00eda Marta hab\u00eda sido condenado por encubrimiento y posteriormente fue sobrese\u00eddo. Fue abogado, remisero, vendedor y periodista. Ten\u00eda 75 a\u00f1os.<\/h2>\n\n\n\n<p>Horacio Garc\u00eda Belsunce, el hermano mayor de Mar\u00eda Marta y uno de los rostros m\u00e1s destacados de la investigaci\u00f3n por el asesinato en el country Carmel, falleci\u00f3 este mi\u00e9rcoles a los 75 a\u00f1os.<\/p>\n\n\n\n<p>Abogado, periodista y coach ontol\u00f3gico, fue condenado por encubrimiento y posterioemente sobrese\u00eddo. Nunca abandon\u00f3 su hip\u00f3tesis: que el crimen lo cometi\u00f3 Nicol\u00e1s Pachelo, el ex vecino de Pilar que finalmente fue condenado en segunda instancia por la Justicia.<\/p>\n\n\n\n<p>Seg\u00fan trascendi\u00f3, Garc\u00eda Belsunce falleci\u00f3 esta ma\u00f1ana tras a\u00f1os de enfrentar las consecuencias personales y laborales del caso que conmocion\u00f3 al pa\u00eds en 2002.<\/p>\n","protected":false},"excerpt":{"rendered":"<p>El hermano de Mar&iacute;a Marta hab&iacute;a sido condenado por encubrimiento y posteriormente fue sobrese&iacute;do. Fue abogado, remisero, vendedor y periodista. Ten&iacute;a 75 a&ntilde;os. Horacio Garc&iacute;a Belsunce, el hermano mayor de Mar&iacute;a Marta y uno de los rostros m&aacute;s destacados de la investigaci&oacute;n por el asesinato en el country Carmel, falleci&oacute; este mi&eacute;rcoles a los 75 [&hellip;]<\/p>\n","protected":false},"author":2,"featured_media":13184,"comment_status":"open","ping_status":"open","sticky":false,"template":"","format":"standard","meta":{"footnotes":""},"categories":[979],"tags":[6110,6112,561,6111],"class_list":["post-13183","post","type-post","status-publish","format-standard","has-post-thumbnail","hentry","category-judiciales","tag-horacio-garcia-belsunce","tag-maria-marta","tag-murio","tag-nicolas-pachelo"],"_links":{"self":[{"href":"https:\/\/partediario.com.ar\/index.php?rest_route=\/wp\/v2\/posts\/13183","targetHints":{"allow":["GET"]}}],"collection":[{"href":"https:\/\/partediario.com.ar\/index.php?rest_route=\/wp\/v2\/posts"}],"about":[{"href":"https:\/\/partediario.com.ar\/index.php?rest_route=\/wp\/v2\/types\/post"}],"author":[{"embeddable":true,"href":"https:\/\/partediario.com.ar\/index.php?rest_route=\/wp\/v2\/users\/2"}],"replies":[{"embeddable":true,"href":"https:\/\/partediario.com.ar\/index.php?rest_route=%2Fwp%2Fv2%2Fcomments&post=13183"}],"version-history":[{"count":1,"href":"https:\/\/partediario.com.ar\/index.php?rest_route=\/wp\/v2\/posts\/13183\/revisions"}],"predecessor-version":[{"id":13185,"href":"https:\/\/partediario.com.ar\/index.php?rest_route=\/wp\/v2\/posts\/13183\/revisions\/13185"}],"wp:featuredmedia":[{"embeddable":true,"href":"https:\/\/partediario.com.ar\/index.php?rest_route=\/wp\/v2\/media\/13184"}],"wp:attachment":[{"href":"https:\/\/partediario.com.ar\/index.php?rest_route=%2Fwp%2Fv2%2Fmedia&parent=13183"}],"wp:term":[{"taxonomy":"category","embeddable":true,"href":"https:\/\/partediario.com.ar\/index.php?rest_route=%2Fwp%2Fv2%2Fcategories&post=13183"},{"taxonomy":"post_tag","embeddable":true,"href":"https:\/\/partediario.com.ar\/index.php?rest_route=%2Fwp%2Fv2%2Ftags&post=13183"}],"curies":[{"name":"wp","href":"https:\/\/api.w.org\/{rel}","templated":true}]}}