{"id":13199,"date":"2025-06-05T19:38:43","date_gmt":"2025-06-05T22:38:43","guid":{"rendered":"https:\/\/partediario.com.ar\/?p=13199"},"modified":"2025-06-06T18:45:23","modified_gmt":"2025-06-06T21:45:23","slug":"elon-musk-senala-que-donald-trump-se-encuentra-en-la-lista-de-jeffrey-epstein-la-verdad-saldra-a-la-luz-expreso","status":"publish","type":"post","link":"https:\/\/partediario.com.ar\/?p=13199","title":{"rendered":"Elon Musk se\u00f1ala que Donald Trump se encuentra en la lista de Jeffrey Epstein: \u201cLa verdad saldr\u00e1 a la luz\u201d, expres\u00f3"},"content":{"rendered":"\n<h2 class=\"wp-block-heading\">En una cruda escalada de la pelea p\u00fablica entre el magnate Elon Musk y el presidente de Estados Unidos, Donald Trump, el empresario due\u00f1o de Tesla asegur\u00f3 este jueves que el mandatario aparece en los archivos de Jeffrey Epstein, el financiero, ya fallecido, acusado de tr\u00e1fico sexual.<\/h2>\n\n\n\n<p>A trav\u00e9s de su red social X, Musk se\u00f1al\u00f3: \u201cEs hora de lanzar la gran bomba: Trump est\u00e1 en los archivos de Epstein. Esa es la verdadera raz\u00f3n por la que no se han hecho p\u00fablicos. \u00a1Que tengas un buen d\u00eda, DJT (Donald John Trump)!\u201c. El magante inst\u00f3 a sus seguidores a conservar esta publicaci\u00f3n, afirmando que \u201cla verdad saldr\u00e1 a la luz\u201d.<\/p>\n\n\n\n<p>La acusaci\u00f3n de Musk se da poco despu\u00e9s que Trump amenazara con cancelar todos los contratos p\u00fablicos con empresas vinculadas al empresario, en medio de un incremento de cr\u00edticas y descalificaciones.<\/p>\n\n\n\n<p>Como ejemplo, la semana pasada, Musk dej\u00f3 su cargo como jefe del Departamento de Eficiencia Gubernamental (Doge) en el Gobierno de Trump, citando discrepancias con el plan fiscal del republicano. Anteriormente, el multimillonario de la tecnolog\u00eda hab\u00eda calificado un proyecto de ley de gastos del Congreso como una \u201cabominaci\u00f3n repugnante\u201d.<\/p>\n\n\n\n<p><strong>Sobre la lista de Epstein<\/strong><\/p>\n\n\n\n<p>Jeffrey Epstein, un multimillonario que manten\u00eda estrechos v\u00ednculos con figuras influyentes de la pol\u00edtica y las finanzas en Estados Unidos, fue acusado de tr\u00e1fico sexual y se quit\u00f3 la vida en agosto de 2019 en una c\u00e1rcel de Nueva York, poco despu\u00e9s de su arresto.<\/p>\n\n\n\n<p>Su muerte, que impidi\u00f3 que enfrentara un juicio, se produjo en circunstancias poco claras, lo que aliment\u00f3 peticiones para que el Departamento de Justicia haga p\u00fablica la lista de presuntos c\u00f3mplices y clientes, as\u00ed como el registro de vuelos de su avi\u00f3n privado hacia su isla en las Islas V\u00edrgenes, donde presuntamente ocurrieron m\u00faltiples abusos.<\/p>\n\n\n\n<p>La principal colaboradora de Epstein, Ghislaine Maxwell, fue condenada a 20 a\u00f1os de prisi\u00f3n por facilitar menores para el abuso. Entre las destacadas figuras p\u00fablicas relacionadas con Epstein se encuentran el expresidente Bill Clinton y el pr\u00edncipe Andr\u00e9s del Reino Unido.<\/p>\n\n\n\n<p>En el campo burs\u00e1til, la disputa entre Donald Trump y Elon Musk tuvo un impacto inmediato y significativo de las acciones de Tesla.<\/p>\n\n\n\n<p>Las acciones de Tesla, una de las empresas insignia de Musk, se desplomaron este jueves m\u00e1s de un 15%. Los papeles de la compa\u00f1\u00eda tecnol\u00f3gica, que iniciaron la jornada con una cotizaci\u00f3n de 322 d\u00f3lares, cayeron hasta los 275 d\u00f3lares hacia el final de la tarde, no obstante, registraron un peque\u00f1o repunte para cerrar por encima de los 280 d\u00f3lares, lo que a\u00fan representa una p\u00e9rdida superior al 10%.<\/p>\n\n\n\n<p>La ca\u00edda de las acciones se dio, tras las declaraciones de Trump en su red Truth Social, donde asegur\u00f3 que \u201cElon estaba \u2018agotado\u2019\u201d y que fue \u00e9l quien le pidi\u00f3 su salida del gobierno.<\/p>\n\n\n\n<p>Trump adem\u00e1s afirm\u00f3: \u201cLe quit\u00e9 su mandato EV que obligaba a todos a comprar los coches el\u00e9ctricos que nadie quer\u00eda (\u00a1que \u00e9l sab\u00eda desde hace meses que yo iba a hacer!) \u00a1Y se volvi\u00f3 loco!\u201d, dispar\u00f3.<\/p>\n","protected":false},"excerpt":{"rendered":"<p>En una cruda escalada de la pelea p&uacute;blica entre el magnate Elon Musk y el presidente de Estados Unidos, Donald Trump, el empresario due&ntilde;o de Tesla asegur&oacute; este jueves que el mandatario aparece en los archivos de Jeffrey Epstein, el financiero, ya fallecido, acusado de tr&aacute;fico sexual. A trav&eacute;s de su red social X, Musk [&hellip;]<\/p>\n","protected":false},"author":2,"featured_media":13200,"comment_status":"open","ping_status":"open","sticky":false,"template":"","format":"standard","meta":{"footnotes":""},"categories":[9],"tags":[857,1961,6118,3984],"class_list":["post-13199","post","type-post","status-publish","format-standard","has-post-thumbnail","hentry","category-internacionales","tag-donald-trump","tag-elon-musk","tag-jeffre-epstein","tag-tesla"],"_links":{"self":[{"href":"https:\/\/partediario.com.ar\/index.php?rest_route=\/wp\/v2\/posts\/13199","targetHints":{"allow":["GET"]}}],"collection":[{"href":"https:\/\/partediario.com.ar\/index.php?rest_route=\/wp\/v2\/posts"}],"about":[{"href":"https:\/\/partediario.com.ar\/index.php?rest_route=\/wp\/v2\/types\/post"}],"author":[{"embeddable":true,"href":"https:\/\/partediario.com.ar\/index.php?rest_route=\/wp\/v2\/users\/2"}],"replies":[{"embeddable":true,"href":"https:\/\/partediario.com.ar\/index.php?rest_route=%2Fwp%2Fv2%2Fcomments&post=13199"}],"version-history":[{"count":1,"href":"https:\/\/partediario.com.ar\/index.php?rest_route=\/wp\/v2\/posts\/13199\/revisions"}],"predecessor-version":[{"id":13201,"href":"https:\/\/partediario.com.ar\/index.php?rest_route=\/wp\/v2\/posts\/13199\/revisions\/13201"}],"wp:featuredmedia":[{"embeddable":true,"href":"https:\/\/partediario.com.ar\/index.php?rest_route=\/wp\/v2\/media\/13200"}],"wp:attachment":[{"href":"https:\/\/partediario.com.ar\/index.php?rest_route=%2Fwp%2Fv2%2Fmedia&parent=13199"}],"wp:term":[{"taxonomy":"category","embeddable":true,"href":"https:\/\/partediario.com.ar\/index.php?rest_route=%2Fwp%2Fv2%2Fcategories&post=13199"},{"taxonomy":"post_tag","embeddable":true,"href":"https:\/\/partediario.com.ar\/index.php?rest_route=%2Fwp%2Fv2%2Ftags&post=13199"}],"curies":[{"name":"wp","href":"https:\/\/api.w.org\/{rel}","templated":true}]}}