{"id":13209,"date":"2025-06-06T18:44:54","date_gmt":"2025-06-06T21:44:54","guid":{"rendered":"https:\/\/partediario.com.ar\/?p=13209"},"modified":"2025-06-08T10:18:42","modified_gmt":"2025-06-08T13:18:42","slug":"argentina-e-italia-firman-acuerdo-estrategico-para-exportar-gnl-al-mundo","status":"publish","type":"post","link":"https:\/\/partediario.com.ar\/?p=13209","title":{"rendered":"Argentina e Italia firman acuerdo estrat\u00e9gico para exportar GNL al mundo"},"content":{"rendered":"\n<h2 class=\"wp-block-heading\">El presidente Javier Milei, junto a su par italiana Giorgia Meloni, supervisaron hoy la firma del acuerdo entre las compa\u00f1\u00edas energ\u00e9ticas YPF y ENI para el desarrollo conjunto de una de las fases del proyecto \u201cArgentina LNG\u201d.<\/h2>\n\n\n\n<p>El acuerdo generar\u00e1 exportaciones por mas de 100 mil millones de d\u00f3lares para la Argentina, durante 20 a\u00f1os.<\/p>\n\n\n\n<p>Este nuevo paso en la relaci\u00f3n estrat\u00e9gica entre ambas compa\u00f1\u00edas implica la asociaci\u00f3n conjunta en toda la cadena de valor del GNL, desde la producci\u00f3n del gas de Vaca Muerta (Upstream), el transporte y licuefacci\u00f3n hasta su posterior exportaci\u00f3n mediante la tecnolog\u00eda de \u201cfloating LNG\u201d.<\/p>\n\n\n\n<p>La iniciativa implica la instalaci\u00f3n de dos unidades flotantes con capacidad de 6 MTPA cada una (Millones de toneladas por a\u00f1o).<\/p>\n\n\n\n<p>Se espera que el primer barco comenzar\u00e1 a estar operativo en el a\u00f1o 2029. En los pr\u00f3ximos meses se conocer\u00e1n nuevas compa\u00f1\u00edas de renombre internacional que se sumar\u00e1n al proyecto.<\/p>\n\n\n\n<p>El Gobierno se\u00f1al\u00f3 que este proyecto es estrat\u00e9gico para el pa\u00eds dado que, en el contexto mundial actual, el GNL se posiciona como una fuente vital de suministro energ\u00e9tico confiable.<\/p>\n\n\n\n<p>Se estima que la demanda de Gas natural licuado representa m\u00e1s de un tercio del comercio mundial y se prev\u00e9 que se duplique para 2050.<\/p>\n\n\n\n<p>El proyecto \u201cArgentina LNG\u201d, liderado por YPF, incluye a empresas nacionales e internacionales como Shell, ENI, PAE, Pampa Energ\u00eda, entre otras y permitir\u00e1 que el pa\u00eds se posicione como el quinto exportador mundial de gas natural licuado del mundo y prev\u00e9 exportaciones para el pa\u00eds, solo de gas, en el orden de los 15 mil millones de d\u00f3lares anuales durante 20 a\u00f1os de manera constante desde el 2031.<\/p>\n\n\n\n<p>Luego de la firma del acuerdo, los presidentes compartieron una cena privada, donde pudieron conocer mas del proyecto a nivel global y los pr\u00f3ximos pasos que dar\u00e1n ambas compa\u00f1\u00edas hasta llegar al FID (Decisi\u00f3n final de inversi\u00f3n) que se espera alcanzar en diciembre pr\u00f3ximo.<\/p>\n","protected":false},"excerpt":{"rendered":"<p>El presidente Javier Milei, junto a su par italiana Giorgia Meloni, supervisaron hoy la firma del acuerdo entre las compa&ntilde;&iacute;as energ&eacute;ticas YPF y ENI para el desarrollo conjunto de una de las fases del proyecto &ldquo;Argentina LNG&rdquo;. El acuerdo generar&aacute; exportaciones por mas de 100 mil millones de d&oacute;lares para la Argentina, durante 20 a&ntilde;os. [&hellip;]<\/p>\n","protected":false},"author":2,"featured_media":13210,"comment_status":"open","ping_status":"open","sticky":false,"template":"","format":"standard","meta":{"footnotes":""},"categories":[9,176],"tags":[1108,411,337,3376,333,232],"class_list":["post-13209","post","type-post","status-publish","format-standard","has-post-thumbnail","hentry","category-internacionales","category-politica","tag-acuerdo","tag-argentina","tag-giorgia-meloni","tag-gnl","tag-italia","tag-javier-milei"],"_links":{"self":[{"href":"https:\/\/partediario.com.ar\/index.php?rest_route=\/wp\/v2\/posts\/13209","targetHints":{"allow":["GET"]}}],"collection":[{"href":"https:\/\/partediario.com.ar\/index.php?rest_route=\/wp\/v2\/posts"}],"about":[{"href":"https:\/\/partediario.com.ar\/index.php?rest_route=\/wp\/v2\/types\/post"}],"author":[{"embeddable":true,"href":"https:\/\/partediario.com.ar\/index.php?rest_route=\/wp\/v2\/users\/2"}],"replies":[{"embeddable":true,"href":"https:\/\/partediario.com.ar\/index.php?rest_route=%2Fwp%2Fv2%2Fcomments&post=13209"}],"version-history":[{"count":1,"href":"https:\/\/partediario.com.ar\/index.php?rest_route=\/wp\/v2\/posts\/13209\/revisions"}],"predecessor-version":[{"id":13211,"href":"https:\/\/partediario.com.ar\/index.php?rest_route=\/wp\/v2\/posts\/13209\/revisions\/13211"}],"wp:featuredmedia":[{"embeddable":true,"href":"https:\/\/partediario.com.ar\/index.php?rest_route=\/wp\/v2\/media\/13210"}],"wp:attachment":[{"href":"https:\/\/partediario.com.ar\/index.php?rest_route=%2Fwp%2Fv2%2Fmedia&parent=13209"}],"wp:term":[{"taxonomy":"category","embeddable":true,"href":"https:\/\/partediario.com.ar\/index.php?rest_route=%2Fwp%2Fv2%2Fcategories&post=13209"},{"taxonomy":"post_tag","embeddable":true,"href":"https:\/\/partediario.com.ar\/index.php?rest_route=%2Fwp%2Fv2%2Ftags&post=13209"}],"curies":[{"name":"wp","href":"https:\/\/api.w.org\/{rel}","templated":true}]}}