{"id":13227,"date":"2025-06-08T10:08:37","date_gmt":"2025-06-08T13:08:37","guid":{"rendered":"https:\/\/partediario.com.ar\/?p=13227"},"modified":"2025-06-09T19:21:34","modified_gmt":"2025-06-09T22:21:34","slug":"fuerte-mensaje-de-bullrich-a-grabois-se-termino-el-vale-todo-senalo","status":"publish","type":"post","link":"https:\/\/partediario.com.ar\/?p=13227","title":{"rendered":"Fuerte mensaje de Bullrich a Grabois: \u00abSe termin\u00f3 el vale todo\u00bb, se\u00f1al\u00f3"},"content":{"rendered":"\n<h2 class=\"wp-block-heading\">La ministra de Seguridad, Patricia Bullrich asegur\u00f3 que \u00abse termin\u00f3 el vale todo\u00bb, haciendo referencia a la toma que encabez\u00f3 Juan Grabois en el Instituto Juan Domingo Per\u00f3n, y que termin\u00f3 con el arresto del dirigente social.<\/h2>\n\n\n\n<p>La funcionaria nacional elogi\u00f3 a los agentes de la Polic\u00eda Federal por haber actuado \u00abcon firmeza y eficacia\u00bb, en el operativo llevado adelante en el inmueble ubicado en el barrio porte\u00f1o de Recoleta, y que incluy\u00f3 el posterior desalojo de los manifestantes.<\/p>\n\n\n\n<p><\/p>\n\n\n\n<blockquote class=\"twitter-tweet\"><p lang=\"es\" dir=\"ltr\">La PFA actu\u00f3 con firmeza y eficacia. El desalojo fue un \u00e9xito. Recuperamos un edificio tomado por militantes que se cre\u00edan due\u00f1os del Estado. Se termin\u00f3 el vale todo.<br><br>Estamos haciendo lo que ning\u00fan gobierno hizo: detener al piquetero que promueve y ejecuta las usurpaciones.<br><br>En\u2026 <a href=\"https:\/\/t.co\/CTUUy5y6SZ\">https:\/\/t.co\/CTUUy5y6SZ<\/a><\/p>&mdash; Patricia Bullrich (@PatoBullrich) <a href=\"https:\/\/twitter.com\/PatoBullrich\/status\/1931459561161978148?ref_src=twsrc%5Etfw\">June 7, 2025<\/a><\/blockquote> <script async src=\"https:\/\/platform.twitter.com\/widgets.js\" charset=\"utf-8\"><\/script>\n\n\n\n<p><\/p>\n\n\n\n<p>Por medio de un posteo en la red social X, la ministra subray\u00f3 que \u00abSe termin\u00f3 el vale todo, recuperamos un edificio tomado por militantes que se cre\u00edan due\u00f1os del Estado. Estamos haciendo lo que ning\u00fan gobierno hizo: detener al piquetero que promueve y ejecuta las usurpaciones\u00bb, agreg\u00f3.<\/p>\n\n\n\n<p>Adem\u00e1s se\u00f1al\u00f3 que: \u00abEn esta Argentina, la ley se cumple con orden: ni Grabois ni ning\u00fan kirchnerista tiene los privilegios que tuvo. Basta de vivir del pasado y del bolsillo de los argentinos. Grabois: las hac\u00e9s, las pag\u00e1s\u201d, cerr\u00f3.<\/p>\n","protected":false},"excerpt":{"rendered":"<p>La ministra de Seguridad, Patricia Bullrich asegur&oacute; que &laquo;se termin&oacute; el vale todo&raquo;, haciendo referencia a la toma que encabez&oacute; Juan Grabois en el Instituto Juan Domingo Per&oacute;n, y que termin&oacute; con el arresto del dirigente social. La funcionaria nacional elogi&oacute; a los agentes de la Polic&iacute;a Federal por haber actuado &laquo;con firmeza y eficacia&raquo;, [&hellip;]<\/p>\n","protected":false},"author":2,"featured_media":13228,"comment_status":"open","ping_status":"open","sticky":false,"template":"","format":"standard","meta":{"footnotes":""},"categories":[5,176],"tags":[395,510],"class_list":["post-13227","post","type-post","status-publish","format-standard","has-post-thumbnail","hentry","category-nacionales","category-politica","tag-juan-grabois","tag-patricia-bullrich"],"_links":{"self":[{"href":"https:\/\/partediario.com.ar\/index.php?rest_route=\/wp\/v2\/posts\/13227","targetHints":{"allow":["GET"]}}],"collection":[{"href":"https:\/\/partediario.com.ar\/index.php?rest_route=\/wp\/v2\/posts"}],"about":[{"href":"https:\/\/partediario.com.ar\/index.php?rest_route=\/wp\/v2\/types\/post"}],"author":[{"embeddable":true,"href":"https:\/\/partediario.com.ar\/index.php?rest_route=\/wp\/v2\/users\/2"}],"replies":[{"embeddable":true,"href":"https:\/\/partediario.com.ar\/index.php?rest_route=%2Fwp%2Fv2%2Fcomments&post=13227"}],"version-history":[{"count":1,"href":"https:\/\/partediario.com.ar\/index.php?rest_route=\/wp\/v2\/posts\/13227\/revisions"}],"predecessor-version":[{"id":13229,"href":"https:\/\/partediario.com.ar\/index.php?rest_route=\/wp\/v2\/posts\/13227\/revisions\/13229"}],"wp:featuredmedia":[{"embeddable":true,"href":"https:\/\/partediario.com.ar\/index.php?rest_route=\/wp\/v2\/media\/13228"}],"wp:attachment":[{"href":"https:\/\/partediario.com.ar\/index.php?rest_route=%2Fwp%2Fv2%2Fmedia&parent=13227"}],"wp:term":[{"taxonomy":"category","embeddable":true,"href":"https:\/\/partediario.com.ar\/index.php?rest_route=%2Fwp%2Fv2%2Fcategories&post=13227"},{"taxonomy":"post_tag","embeddable":true,"href":"https:\/\/partediario.com.ar\/index.php?rest_route=%2Fwp%2Fv2%2Ftags&post=13227"}],"curies":[{"name":"wp","href":"https:\/\/api.w.org\/{rel}","templated":true}]}}