{"id":13233,"date":"2025-06-08T10:18:16","date_gmt":"2025-06-08T13:18:16","guid":{"rendered":"https:\/\/partediario.com.ar\/?p=13233"},"modified":"2025-06-09T19:21:26","modified_gmt":"2025-06-09T22:21:26","slug":"luego-de-estar-12-horas-detenido-juan-grabois-fue-liberado","status":"publish","type":"post","link":"https:\/\/partediario.com.ar\/?p=13233","title":{"rendered":"Luego de estar 12 horas detenido, Juan Grabois fue liberado"},"content":{"rendered":"\n<h2 class=\"wp-block-heading\">El dirigente del Frente Patria Grande, Juan Grabois, fue liberado este domingo en horas de la madrugada luego de pasar cerca de doce horas detenido por ocupar el Instituto Nacional de Estudios e Investigaciones Hist\u00f3ricas Juan Domingo Per\u00f3n junto a diputados y militantes.<\/h2>\n\n\n\n<p>La sede, recientemente disuelta por decisi\u00f3n del Gobierno, est\u00e1 ubicada en Austria 2601, en el barrio de Recoleta. La ocupaci\u00f3n gener\u00f3 un fuerte operativo policial que concluy\u00f3 con la detenci\u00f3n de Grabois y varios manifestantes.<\/p>\n\n\n\n<p>\u201cNo tengo una imputaci\u00f3n espec\u00edfica. Lo que hubo fue una permanencia pac\u00edfica para reclamar el derecho a la memoria hist\u00f3rica y frenar el avasallamiento dictatorial del gobierno de Milei, particularmente de Patricia Bullrich, que es una mujer muy perversa\u201d, se\u00f1al\u00f3 el dirigente luego de su liberaci\u00f3n.<\/p>\n\n\n\n<p>Durante su salida, Grabois tambi\u00e9n critic\u00f3 las condiciones en las que permaneci\u00f3 detenido:<\/p>\n\n\n\n<p>\u201cLa forma en la que trabaja el personal de seguridad es inhumana. Oficinas vetustas, sin calefacci\u00f3n, llenas de ratas. Todo es manual, computadoras del a\u00f1o 84. Son algunas cosas que, cuando sea presidente, voy a cambiar para ayudar al personal\u201d, se\u00f1al\u00f3.<\/p>\n\n\n\n<p>El operativo comenz\u00f3 el s\u00e1bado cerca de las 14, cuando unas 50 personas ingresaron al edificio a trav\u00e9s del local gastron\u00f3mico \u201cUn caf\u00e9 con Per\u00f3n\u201d. Seg\u00fan la Polic\u00eda, los militantes violentaron una puerta, retuvieron a agentes federales, y colgaron banderas desde los balcones con las consignas \u201cSi no pod\u00e9s elegir, no hay democracia\u201d y \u201cDefendamos nuestra historia\u201d, apuntaron.<\/p>\n\n\n\n<p>La ministra de Seguridad, Patricia Bullrich, celebr\u00f3 el accionar de la Polic\u00eda Federal y se\u00f1al\u00f3 que se trat\u00f3 de una \u201cusurpaci\u00f3n violenta\u201d. El comisario general Luis Rolle, jefe de la PFA, agreg\u00f3 que hubo \u201clesiones a cuatro funcionarios\u201d y \u201cda\u00f1os materiales\u201d, adem\u00e1s de indicar que los polic\u00edas habr\u00edan sido retenidos \u201ccontra su voluntad\u201d.<\/p>\n\n\n\n<p>Durante la noche del s\u00e1bado, una multitud se congreg\u00f3 en la sede de la Superintendencia de Investigaciones Federales, en Villa Riachuelo, para exigir la liberaci\u00f3n del dirigente. Se hicieron presentes los diputados Itai Hagman, Natalia Zaracho, Horacio Pietragalla, el senador Federico Fagioli, y legisladores como Leandro Santoro y Juan Manuel Valdez. Se sumaron adem\u00e1s los periodistas Alejandro Bercovich y \u00c1ngela Lerena.<\/p>\n\n\n\n<p>El Partido Justicialista Nacional exigi\u00f3 la liberaci\u00f3n de Grabois y repudi\u00f3 el accionar del Gobierno:<\/p>\n\n\n\n<p>\u201cFueron detenidos por defender el patrimonio de los peronistas. Fue una detenci\u00f3n ilegal, sin orden judicial\u201d.<\/p>\n\n\n\n<p>El 7 de mayo, el vocero presidencial Manuel Adorni anunci\u00f3 el cierre del Instituto Per\u00f3n por representar \u201cuna carga presupuestaria injustificada\u201d. Seg\u00fan el Ministerio de Capital Humano, el instituto contaba con 20 empleados y demandaba m\u00e1s de 400 millones de pesos anuales, sin realizar investigaciones activas.<\/p>\n\n\n\n<p>El edificio, de acuerdo al Gobierno, ser\u00e1 reconvertido en una biblioteca para personas con discapacidad y el restaurante que funciona all\u00ed ser\u00e1 adjudicado a un emprendimiento para j\u00f3venes neurodivergentes.<\/p>\n","protected":false},"excerpt":{"rendered":"<p>El dirigente del Frente Patria Grande, Juan Grabois, fue liberado este domingo en horas de la madrugada luego de pasar cerca de doce horas detenido por ocupar el Instituto Nacional de Estudios e Investigaciones Hist&oacute;ricas Juan Domingo Per&oacute;n junto a diputados y militantes. La sede, recientemente disuelta por decisi&oacute;n del Gobierno, est&aacute; ubicada en Austria [&hellip;]<\/p>\n","protected":false},"author":2,"featured_media":13234,"comment_status":"open","ping_status":"open","sticky":false,"template":"","format":"standard","meta":{"footnotes":""},"categories":[979,5,7,176],"tags":[6130,395,3979],"class_list":["post-13233","post","type-post","status-publish","format-standard","has-post-thumbnail","hentry","category-judiciales","category-nacionales","category-policiales","category-politica","tag-instituto-juan-peron","tag-juan-grabois","tag-liberaron"],"_links":{"self":[{"href":"https:\/\/partediario.com.ar\/index.php?rest_route=\/wp\/v2\/posts\/13233","targetHints":{"allow":["GET"]}}],"collection":[{"href":"https:\/\/partediario.com.ar\/index.php?rest_route=\/wp\/v2\/posts"}],"about":[{"href":"https:\/\/partediario.com.ar\/index.php?rest_route=\/wp\/v2\/types\/post"}],"author":[{"embeddable":true,"href":"https:\/\/partediario.com.ar\/index.php?rest_route=\/wp\/v2\/users\/2"}],"replies":[{"embeddable":true,"href":"https:\/\/partediario.com.ar\/index.php?rest_route=%2Fwp%2Fv2%2Fcomments&post=13233"}],"version-history":[{"count":1,"href":"https:\/\/partediario.com.ar\/index.php?rest_route=\/wp\/v2\/posts\/13233\/revisions"}],"predecessor-version":[{"id":13235,"href":"https:\/\/partediario.com.ar\/index.php?rest_route=\/wp\/v2\/posts\/13233\/revisions\/13235"}],"wp:featuredmedia":[{"embeddable":true,"href":"https:\/\/partediario.com.ar\/index.php?rest_route=\/wp\/v2\/media\/13234"}],"wp:attachment":[{"href":"https:\/\/partediario.com.ar\/index.php?rest_route=%2Fwp%2Fv2%2Fmedia&parent=13233"}],"wp:term":[{"taxonomy":"category","embeddable":true,"href":"https:\/\/partediario.com.ar\/index.php?rest_route=%2Fwp%2Fv2%2Fcategories&post=13233"},{"taxonomy":"post_tag","embeddable":true,"href":"https:\/\/partediario.com.ar\/index.php?rest_route=%2Fwp%2Fv2%2Ftags&post=13233"}],"curies":[{"name":"wp","href":"https:\/\/api.w.org\/{rel}","templated":true}]}}