{"id":13239,"date":"2025-06-09T18:58:59","date_gmt":"2025-06-09T21:58:59","guid":{"rendered":"https:\/\/partediario.com.ar\/?p=13239"},"modified":"2025-06-10T16:48:07","modified_gmt":"2025-06-10T19:48:07","slug":"axel-kicillof-confirmo-su-participacion-en-el-encuentro-encabezado-por-cristina-kirchner-en-el-pj","status":"publish","type":"post","link":"https:\/\/partediario.com.ar\/?p=13239","title":{"rendered":"Axel Kicillof confirm\u00f3 su participaci\u00f3n en el encuentro encabezado por Cristina Kirchner en el PJ"},"content":{"rendered":"\n<h2 class=\"wp-block-heading\">El gobernador bonaerense se suma al homenaje en la sede del PJ, en medio de la fuerte tensi\u00f3n por el inminente fallo de la Corte en la causa Vialidad.<\/h2>\n\n\n\n<p>El gobernador bonaerense, Axel Kicillof, participar\u00e1 esta tarde del acto que encabezar\u00e1 la ex presidenta Cristina Fern\u00e1ndez de Kirchner en la sede del Partido Justicialista, en conmemoraci\u00f3n de los fusilados de Jos\u00e9 Le\u00f3n Su\u00e1rez, en un contexto marcado por la expectativa del peronismo sobre el posible fallo adverso de la Corte Suprema en la causa Vialidad.<\/p>\n\n\n\n<p>Kicillof termin\u00f3 una reuni\u00f3n con intendentes en La Plata y emprendi\u00f3 viaje hacia la Ciudad de Buenos Aires para asistir al evento que fue convocado por la ex mandataria para las 18 en la tradicional sede de la calle Matheu 130.<\/p>\n\n\n\n<p>El homenaje recuerda los fusilamientos perpetrados por la dictadura de Aramburu en 1956 contra militantes peronistas, un hecho que se resignifica en la narrativa del espacio conducido por la ex presidente.<\/p>\n\n\n\n<p>La actividad se da en un momento clave para la ex vicepresidenta, quien espera un pronunciamiento de la Corte que podr\u00eda ratificar su condena a seis a\u00f1os de prisi\u00f3n e inhabilitaci\u00f3n perpetua para ejercer cargos p\u00fablicos, afectando su candidatura a legisladora bonaerense por la Tercera Secci\u00f3n.<\/p>\n","protected":false},"excerpt":{"rendered":"<p>El gobernador bonaerense se suma al homenaje en la sede del PJ, en medio de la fuerte tensi&oacute;n por el inminente fallo de la Corte en la causa Vialidad. El gobernador bonaerense, Axel Kicillof, participar&aacute; esta tarde del acto que encabezar&aacute; la ex presidenta Cristina Fern&aacute;ndez de Kirchner en la sede del Partido Justicialista, en [&hellip;]<\/p>\n","protected":false},"author":2,"featured_media":0,"comment_status":"open","ping_status":"open","sticky":false,"template":"","format":"standard","meta":{"footnotes":""},"categories":[5,8],"tags":[1112,4359,2468,6106,518,2850,6132,6134,295,6121],"class_list":["post-13239","post","type-post","status-publish","format-standard","hentry","category-nacionales","category-provinciales","tag-axel-kicillof","tag-causa","tag-conmemoracion","tag-corte-suprema-justicia","tag-cristina-kirchner","tag-encuentro","tag-fusilados","tag-jose-leon-suarez","tag-pj","tag-vialidad"],"_links":{"self":[{"href":"https:\/\/partediario.com.ar\/index.php?rest_route=\/wp\/v2\/posts\/13239","targetHints":{"allow":["GET"]}}],"collection":[{"href":"https:\/\/partediario.com.ar\/index.php?rest_route=\/wp\/v2\/posts"}],"about":[{"href":"https:\/\/partediario.com.ar\/index.php?rest_route=\/wp\/v2\/types\/post"}],"author":[{"embeddable":true,"href":"https:\/\/partediario.com.ar\/index.php?rest_route=\/wp\/v2\/users\/2"}],"replies":[{"embeddable":true,"href":"https:\/\/partediario.com.ar\/index.php?rest_route=%2Fwp%2Fv2%2Fcomments&post=13239"}],"version-history":[{"count":1,"href":"https:\/\/partediario.com.ar\/index.php?rest_route=\/wp\/v2\/posts\/13239\/revisions"}],"predecessor-version":[{"id":13241,"href":"https:\/\/partediario.com.ar\/index.php?rest_route=\/wp\/v2\/posts\/13239\/revisions\/13241"}],"wp:attachment":[{"href":"https:\/\/partediario.com.ar\/index.php?rest_route=%2Fwp%2Fv2%2Fmedia&parent=13239"}],"wp:term":[{"taxonomy":"category","embeddable":true,"href":"https:\/\/partediario.com.ar\/index.php?rest_route=%2Fwp%2Fv2%2Fcategories&post=13239"},{"taxonomy":"post_tag","embeddable":true,"href":"https:\/\/partediario.com.ar\/index.php?rest_route=%2Fwp%2Fv2%2Ftags&post=13239"}],"curies":[{"name":"wp","href":"https:\/\/api.w.org\/{rel}","templated":true}]}}